{"id":4582,"date":"2016-07-27T19:42:39","date_gmt":"2016-07-27T22:42:39","guid":{"rendered":"http:\/\/sensibilidadedaalma.blog.br\/?p=4582"},"modified":"2017-02-01T22:33:41","modified_gmt":"2017-02-02T00:33:41","slug":"sentindo-os-significados-subjetivos-dos-sonhos-que-podem-revelar-a-essencia-da-nossa-sensibilidade-da-alma","status":"publish","type":"post","link":"https:\/\/sensibilidadedaalma.com.br\/?p=4582","title":{"rendered":"(116) Sentindo os &#8220;significados subjetivos&#8221; dos sonhos, que podem revelar a ess\u00eancia da nossa &#8220;Sensibilidade da Alma&#8221;."},"content":{"rendered":"<p>Desde a cria\u00e7\u00e3o deste espa\u00e7o virtual, naturalmente recebo por \u201cintui\u00e7\u00e3o\u201d uma \u00fanica palavra para ser desenvolvida como tema central das mensagens postadas. Para esta, veio-me \u00e0 mente a palavra \u201cSONHOS\u201d. A evolu\u00e7\u00e3o desse sugestivo processo de acolhimento de inspira\u00e7\u00e3o, emerge da  posterior associa\u00e7\u00e3o cognitiva do meu \u201csentir interior\u201d com as \u201cimagens sens\u00f3rias\u201d da minha  \u201cSensibilidade da Alma\u201d. \u00c9 claro que o meu interesse pela leitura sempre ajuda, dependendo da natureza do enfoque desejado. <\/p>\n<p>Para esta mensagem, lembrei da interessante coluna \u201cDiv\u00e3 Liter\u00e1rio\u201d, assinada pelo m\u00e9dico e psicoterapeuta Carlos S\u00e3o Paulo, que mensalmente coloca no div\u00e3 um livro de literatura para ser analisado sob a \u00f3ptica junguiana.  Na edi\u00e7\u00e3o n. 102, Ano VIII, da Revista Psique, lan\u00e7ada no Brasil pela Editora Escala, o livro por ele escolhido foi \u201cMem\u00f3rias de Minhas Putas Tristes\u201d (Editora Record), de Gabo, como era conhecido o consagrado escritor Gabriel Garc\u00eda M\u00e1rquez, laureado com o Nobel de Literatura de 1982. <\/p>\n<p>O livro conta a hist\u00f3ria da passagem dos 90 anos de um jornalista, que ligou para uma amiga cafetina e pediu uma adolescente virgem naquele dia. O conto foi iniciado com esta frase: <\/p>\n<p>&#8211; No ano de meus 90 anos quis me dar de presente uma noite de amor louco com uma adolescente virgem.<\/p>\n<p>Observa-se, com facilidade, que o desejo desse \u201cnovent\u00e3o\u201d est\u00e1 psiquicamente estruturado em um \u201csonho\u201d, certamente elaborado pelas proje\u00e7\u00f5es da sua \u201cSensibilidade da Alma\u201d, aos 90 anos de vida.<\/p>\n<p> O Doutor Carlos S\u00e3o Paulo,  relata que ele conta \u201co modo como come\u00e7ou a perceber as mudan\u00e7as psicobiol\u00f3gicas do envelhecimento: o esquecimento, as confus\u00f5es, as l\u00e1grimas derramadas facilmente, lembran\u00e7as de amores que poderiam ter sido e que n\u00e3o foram etc.\u201d Conclui a sua abordagem, com esta explica\u00e7\u00e3o sobre os nossos \u201csonhos\u201d:<\/p>\n<p>&#8211; Nossas figuras internas, muitas delas desconhecidas, aparecem em nossos sonhos. Elas nos indicam uma dire\u00e7\u00e3o a seguir, como coparticipantes de nosso destino. Nem sempre as escutamos. Por vezes, n\u00e3o as compreendemos. Outras, achamos que elas explicam acontecimentos do cotidiano apenas para lembrar que eles existiram. E, frequentemente, queremos categoriz\u00e1-las. Como se os fen\u00f4menos do mundo das trevas interior pudessem ser explicados com o nosso habitual modo de pensar. Essas imagens, grosso modo, querem, somente, sinalizar nossa incompletude veiculada pela solid\u00e3o e pela saudade.<\/p>\n<p>&#8211; Nossos sonhos podem ser fant\u00e1sticos e alucinat\u00f3rios ou, apenas, aparecer como cotidiano vestido na roupagem dos acontecimentos comuns e sem sentido para a consci\u00eancia. Outras vezes trazem a viv\u00eancia do momento, reeditada com a transcri\u00e7\u00e3o de experi\u00eancias passadas, governadas pelos medos, desejos e esperan\u00e7as. Quando n\u00e3o atendemos \u00e0s orienta\u00e7\u00f5es desses personagens e acontecimentos internos, mas apenas tentamos nos adaptar ao mundo externo no que esperam de n\u00f3s, corremos o risco de perder a individualidade. Isso significa viver uma vida f\u00fatil e sem sentido.<\/p>\n<p>&#8211; A imagem de nossa completude est\u00e1 na alma que se harmoniza com o corpo. Essa imagem precisa do objeto concreto, que o acolha para tornar poss\u00edvel a ilus\u00e3o dessa completude. S\u00e3o esses encontros, respons\u00e1veis pelos eventos, que traduzem a sensa\u00e7\u00e3o do existir, que, verdadeiramente, contam o nosso tempo. Embora definamos o tempo vivido pelo n\u00famero de vezes que o astro completa seus ciclos; por outro lado, s\u00e3o aqueles eventos que, efetivamente, definem o nosso tempo de existir.<\/p>\n<p>Termino esta mensagem, pedindo a sua aten\u00e7\u00e3o para este esclarecimento sugestivo: <\/p>\n<p>&#8211; Esta foi a primeira vez que, por \u201cintui\u00e7\u00e3o\u201d, recebi a palavra \u201cSONHOS\u201d para, como acredito, mostrar que eles tamb\u00e9m s\u00e3o fontes de \u201cpercep\u00e7\u00e3o interior\u201d que podem revelar \u201csignificados subjetivos\u201d da ess\u00eancia da nossa \u201cSensibilidade da Alma\u201d. Veja o v\u00eddeo desta mensagem e seja &#8220;voc\u00ea&#8221;, com os seus sonhos de vida descobertos pelo despertar da sua &#8220;Sensibilidade da Alma&#8221;<\/p>\n<div class=\"jetpack-video-wrapper\"><iframe loading=\"lazy\" title=\"Minha can\u00e7\u00e3o - J.Krishnamurti\" width=\"660\" height=\"495\" src=\"https:\/\/www.youtube.com\/embed\/24Og4k2pMjM?feature=oembed\" frameborder=\"0\" allow=\"accelerometer; autoplay; clipboard-write; encrypted-media; gyroscope; picture-in-picture; web-share\" referrerpolicy=\"strict-origin-when-cross-origin\" allowfullscreen><\/iframe><\/div>\n<p>Notas:<\/p>\n<p>1.A reprodu\u00e7\u00e3o parcial ou total, atrav\u00e9s de qualquer forma, meio ou processo eletr\u00f4nico, depender\u00e1 de pr\u00e9via e expressa autoriza\u00e7\u00e3o do autor deste espa\u00e7o virtual, com indica\u00e7\u00e3o dos cr\u00e9ditos e link, para os efeitos da Lei 9610\/98, que regulamenta os direitos de autor e conexos.<br \/>\n2.Havendo, neste espa\u00e7o virtual, qualquer cita\u00e7\u00e3o ou reprodu\u00e7\u00e3o de v\u00eddeos que sejam contr\u00e1rios \u00e0 vontade dos seus autores, ser\u00e3o imediatamente retiradas ap\u00f3s o recebimento de solicita\u00e7\u00e3o feita em \u201ccoment\u00e1rios\u201d no final de cada postagem, ou para edsonbsb@uol.com.br<br \/>\n3. V\u00eddeo youtube: &#8220;Minha can\u00e7\u00e3o &#8211; J. Krishnamurti&#8221;<\/p>\n<p>Muita paz e harmonia espiritual para todos.<\/p>\n","protected":false},"excerpt":{"rendered":"<p>Desde a cria\u00e7\u00e3o deste espa\u00e7o virtual, naturalmente recebo por \u201cintui\u00e7\u00e3o\u201d uma \u00fanica palavra para ser desenvolvida como tema central das mensagens postadas. Para esta, veio-me \u00e0 mente a palavra \u201cSONHOS\u201d. A evolu\u00e7\u00e3o desse sugestivo processo de acolhimento de inspira\u00e7\u00e3o, emerge da posterior associa\u00e7\u00e3o cognitiva do meu \u201csentir interior\u201d com as \u201cimagens sens\u00f3rias\u201d da minha \u201cSensibilidade &hellip; <a href=\"https:\/\/sensibilidadedaalma.com.br\/?p=4582\" class=\"more-link\">Continuar lendo <span class=\"screen-reader-text\">(116) Sentindo os &#8220;significados subjetivos&#8221; dos sonhos, que podem revelar a ess\u00eancia da nossa &#8220;Sensibilidade da Alma&#8221;.<\/span><\/a><\/p>\n","protected":false},"author":1,"featured_media":0,"comment_status":"open","ping_status":"open","sticky":false,"template":"","format":"standard","meta":{"_jetpack_newsletter_access":"","_jetpack_dont_email_post_to_subs":true,"_jetpack_newsletter_tier_id":0,"_jetpack_memberships_contains_paywalled_content":false,"_jetpack_memberships_contains_paid_content":false,"footnotes":""},"categories":[3],"tags":[],"class_list":["post-4582","post","type-post","status-publish","format-standard","hentry","category-busca-interior"],"jetpack_featured_media_url":"","jetpack_sharing_enabled":true,"jetpack_shortlink":"https:\/\/wp.me\/pfkQEa-1bU","_links":{"self":[{"href":"https:\/\/sensibilidadedaalma.com.br\/index.php?rest_route=\/wp\/v2\/posts\/4582","targetHints":{"allow":["GET"]}}],"collection":[{"href":"https:\/\/sensibilidadedaalma.com.br\/index.php?rest_route=\/wp\/v2\/posts"}],"about":[{"href":"https:\/\/sensibilidadedaalma.com.br\/index.php?rest_route=\/wp\/v2\/types\/post"}],"author":[{"embeddable":true,"href":"https:\/\/sensibilidadedaalma.com.br\/index.php?rest_route=\/wp\/v2\/users\/1"}],"replies":[{"embeddable":true,"href":"https:\/\/sensibilidadedaalma.com.br\/index.php?rest_route=%2Fwp%2Fv2%2Fcomments&post=4582"}],"version-history":[{"count":30,"href":"https:\/\/sensibilidadedaalma.com.br\/index.php?rest_route=\/wp\/v2\/posts\/4582\/revisions"}],"predecessor-version":[{"id":6603,"href":"https:\/\/sensibilidadedaalma.com.br\/index.php?rest_route=\/wp\/v2\/posts\/4582\/revisions\/6603"}],"wp:attachment":[{"href":"https:\/\/sensibilidadedaalma.com.br\/index.php?rest_route=%2Fwp%2Fv2%2Fmedia&parent=4582"}],"wp:term":[{"taxonomy":"category","embeddable":true,"href":"https:\/\/sensibilidadedaalma.com.br\/index.php?rest_route=%2Fwp%2Fv2%2Fcategories&post=4582"},{"taxonomy":"post_tag","embeddable":true,"href":"https:\/\/sensibilidadedaalma.com.br\/index.php?rest_route=%2Fwp%2Fv2%2Ftags&post=4582"}],"curies":[{"name":"wp","href":"https:\/\/api.w.org\/{rel}","templated":true}]}}