{"id":36899,"date":"2026-04-30T17:26:25","date_gmt":"2026-04-30T20:26:25","guid":{"rendered":"https:\/\/sensibilidadedaalma.com.br\/?p=36899"},"modified":"2026-04-30T17:26:27","modified_gmt":"2026-04-30T20:26:27","slug":"763-sentindo-a-necessidade-de-entender-a-vida","status":"publish","type":"post","link":"https:\/\/sensibilidadedaalma.com.br\/?p=36899","title":{"rendered":"(763) Sentindo a necessidade de entender a &#8220;vida&#8221;."},"content":{"rendered":"<p><strong>O que \u00e9 a vida?<\/strong> <strong>O que devemos esperar de nossas vidas?<\/strong>&#8221;<\/p>\n<p>Recebi essas duas perguntas e respondi apenas com uma palavra: &#8211; \u201c<strong>viver<\/strong>\u201d. Logo em seguida fiquei imaginando o que leva o ser humano fazer essas perguntas? Mas n\u00e3o arrisquei nenhuma resposta, porque cada um de n\u00f3s vivemos as nossas realidades. Gosto e concordo com este &#8220;sentir&#8221; do fil\u00f3sofo <strong>Alan Watts<\/strong>, que encontrei citado no livro &#8220;Aquilo que nos move: a constru\u00e7\u00e3o e descoberta do sentido&#8221;, da escritora e especialista em neuroci\u00eancia cl\u00ednica, <strong>Michele M\u00fcller<\/strong>, publica\u00e7\u00e3o da A. R. Publisher Editora, do Estado do Paran\u00e1, que recomendo a leitura:<\/p>\n<p>&#8211; &#8220;Pensamos que trazer sentido para a vida \u00e9 imposs\u00edvel a n\u00e3o ser que o fluxo de eventos possa de alguma forma se encaixar em uma moldura r\u00edgida. Pensamos que para ser significativa, a vida precisa ter leis e ideias que sejam intelig\u00edveis e que, ao mesmo tempo, correspondam a realidades eternas e imut\u00e1veis encontradas atr\u00e1s dos cen\u00e1rios transit\u00f3rios.  Se isso representa o sentido da vida, n\u00f3s nos impusemos a tarefa imposs\u00edvel de construir rigidez a partir da fluidez.&#8221;<\/p>\n<p>Pensem nisso!<\/p>\n<p>Notas:<br \/>\n1. A reprodu\u00e7\u00e3o parcial ou total de qualquer parte desta mensagem, dependem de pr\u00e9via autoriza\u00e7\u00e3o (Lei n\u00ba 9.610\/98).<br \/>\n2. Havendo nesta mensagem qualquer alega\u00e7\u00e3o ou cita\u00e7\u00e3o que mere\u00e7a ser melhor avaliada ou que seja contr\u00e1ria aos interesses dos seus autores, mande sua solicita\u00e7\u00e3o para edsonbsb@uol.com.br<\/p>\n<p>Muita paz e harmonia espiritual para todos.<\/p>\n","protected":false},"excerpt":{"rendered":"<p>O que \u00e9 a vida? O que devemos esperar de nossas vidas?&#8221; Recebi essas duas perguntas e respondi apenas com uma palavra: &#8211; \u201cviver\u201d. Logo em seguida fiquei imaginando o que leva o ser humano fazer essas perguntas? Mas n\u00e3o arrisquei nenhuma resposta, porque cada um de n\u00f3s vivemos as nossas realidades. Gosto e concordo &hellip; <a href=\"https:\/\/sensibilidadedaalma.com.br\/?p=36899\" class=\"more-link\">Continuar lendo <span class=\"screen-reader-text\">(763) Sentindo a necessidade de entender a &#8220;vida&#8221;.<\/span><\/a><\/p>\n","protected":false},"author":1,"featured_media":0,"comment_status":"open","ping_status":"open","sticky":false,"template":"","format":"standard","meta":{"_jetpack_newsletter_access":"","_jetpack_dont_email_post_to_subs":false,"_jetpack_newsletter_tier_id":0,"_jetpack_memberships_contains_paywalled_content":false,"_jetpack_memberships_contains_paid_content":false,"footnotes":""},"categories":[3],"tags":[],"class_list":["post-36899","post","type-post","status-publish","format-standard","hentry","category-busca-interior"],"jetpack_featured_media_url":"","jetpack_sharing_enabled":true,"jetpack_shortlink":"https:\/\/wp.me\/pfkQEa-9B9","_links":{"self":[{"href":"https:\/\/sensibilidadedaalma.com.br\/index.php?rest_route=\/wp\/v2\/posts\/36899","targetHints":{"allow":["GET"]}}],"collection":[{"href":"https:\/\/sensibilidadedaalma.com.br\/index.php?rest_route=\/wp\/v2\/posts"}],"about":[{"href":"https:\/\/sensibilidadedaalma.com.br\/index.php?rest_route=\/wp\/v2\/types\/post"}],"author":[{"embeddable":true,"href":"https:\/\/sensibilidadedaalma.com.br\/index.php?rest_route=\/wp\/v2\/users\/1"}],"replies":[{"embeddable":true,"href":"https:\/\/sensibilidadedaalma.com.br\/index.php?rest_route=%2Fwp%2Fv2%2Fcomments&post=36899"}],"version-history":[{"count":17,"href":"https:\/\/sensibilidadedaalma.com.br\/index.php?rest_route=\/wp\/v2\/posts\/36899\/revisions"}],"predecessor-version":[{"id":36916,"href":"https:\/\/sensibilidadedaalma.com.br\/index.php?rest_route=\/wp\/v2\/posts\/36899\/revisions\/36916"}],"wp:attachment":[{"href":"https:\/\/sensibilidadedaalma.com.br\/index.php?rest_route=%2Fwp%2Fv2%2Fmedia&parent=36899"}],"wp:term":[{"taxonomy":"category","embeddable":true,"href":"https:\/\/sensibilidadedaalma.com.br\/index.php?rest_route=%2Fwp%2Fv2%2Fcategories&post=36899"},{"taxonomy":"post_tag","embeddable":true,"href":"https:\/\/sensibilidadedaalma.com.br\/index.php?rest_route=%2Fwp%2Fv2%2Ftags&post=36899"}],"curies":[{"name":"wp","href":"https:\/\/api.w.org\/{rel}","templated":true}]}}