{"id":36880,"date":"2026-04-29T18:41:52","date_gmt":"2026-04-29T21:41:52","guid":{"rendered":"https:\/\/sensibilidadedaalma.com.br\/?p=36880"},"modified":"2026-04-29T22:15:30","modified_gmt":"2026-04-30T01:15:30","slug":"762-sentindo-o-que-devemos-fazer-em-nossos-encontros-pessoais","status":"publish","type":"post","link":"https:\/\/sensibilidadedaalma.com.br\/?p=36880","title":{"rendered":"(762) Sentindo o que devemos fazer, em nossos encontros pessoais."},"content":{"rendered":"<p>&#8220;<strong>Que o mundo, tanto por fora como por dentro, \u00e9 sustentado por bases transcendentais, \u00e9 algo t\u00e3o certo quanto nossa propria exist\u00eancia<\/strong>.&#8221; (OC 14\/II, \u00a7 442) <\/p>\n<p>S\u00e3o palavras de <strong>Jung<\/strong> (1875-1961), que preconizou os ensinamentos b\u00e1sicos da Psicologia Anal\u00edtica. H\u00e1 muito tamb\u00e9m acredito nessas &#8220;bases transcendentais&#8221;. Isto porque, como entendo, todos n\u00f3s seres humanos estamos, nesta dimens\u00e3o existencial de vida, como partes de um processo de origem superior que nos oferece oportunidades de evolu\u00e7\u00e3o, de melhorias e de crescimentos em todos os sentidos, mas sempre respeitando o nosso livre arb\u00edtrio de escolhas de viver.<br \/>\n<strong>Jung<\/strong> introduziu o que se deve entender por &#8220;inconsciente coletivo&#8221;, &#8220;arqu\u00e9tipos&#8221; e &#8220;processo de individua\u00e7\u00e3o&#8221;. Esclarecimento necess\u00e1rio: &#8211; Mas a motiva\u00e7\u00e3o deste nosso encontro foi este seu &#8220;aconselhamento&#8221; que, silenciosamente, nunca esque\u00e7o: &#8211; &#8220;Quando estivermos diante de outro ser humano, devemos procurar que ocorra somente um verdadeiro encontro de almas.&#8221;<\/p>\n<p>Pensem nisso!<\/p>\n<p>Notas:<br \/>\n1. A reprodu\u00e7\u00e3o parcial ou total de qualquer parte desta mensagem, dependem de pr\u00e9via autoriza\u00e7\u00e3o (Lei n\u00ba 9.610\/98).<br \/>\n2. Havendo nesta mensagem qualquer alega\u00e7\u00e3o ou cita\u00e7\u00e3o que mere\u00e7a ser melhor avaliada ou que seja contr\u00e1ria aos interesses dos seus autores, mande sua solicita\u00e7\u00e3o para edsonbsb@uol.com.br<\/p>\n<p>Muita paz e harmonia espiritual para todos.<\/p>\n","protected":false},"excerpt":{"rendered":"<p>&#8220;Que o mundo, tanto por fora como por dentro, \u00e9 sustentado por bases transcendentais, \u00e9 algo t\u00e3o certo quanto nossa propria exist\u00eancia.&#8221; (OC 14\/II, \u00a7 442) S\u00e3o palavras de Jung (1875-1961), que preconizou os ensinamentos b\u00e1sicos da Psicologia Anal\u00edtica. H\u00e1 muito tamb\u00e9m acredito nessas &#8220;bases transcendentais&#8221;. Isto porque, como entendo, todos n\u00f3s seres humanos estamos, &hellip; <a href=\"https:\/\/sensibilidadedaalma.com.br\/?p=36880\" class=\"more-link\">Continuar lendo <span class=\"screen-reader-text\">(762) Sentindo o que devemos fazer, em nossos encontros pessoais.<\/span><\/a><\/p>\n","protected":false},"author":1,"featured_media":0,"comment_status":"open","ping_status":"open","sticky":false,"template":"","format":"standard","meta":{"_jetpack_newsletter_access":"","_jetpack_dont_email_post_to_subs":false,"_jetpack_newsletter_tier_id":0,"_jetpack_memberships_contains_paywalled_content":false,"_jetpack_memberships_contains_paid_content":false,"footnotes":""},"categories":[3],"tags":[],"class_list":["post-36880","post","type-post","status-publish","format-standard","hentry","category-busca-interior"],"jetpack_featured_media_url":"","jetpack_sharing_enabled":true,"jetpack_shortlink":"https:\/\/wp.me\/pfkQEa-9AQ","_links":{"self":[{"href":"https:\/\/sensibilidadedaalma.com.br\/index.php?rest_route=\/wp\/v2\/posts\/36880","targetHints":{"allow":["GET"]}}],"collection":[{"href":"https:\/\/sensibilidadedaalma.com.br\/index.php?rest_route=\/wp\/v2\/posts"}],"about":[{"href":"https:\/\/sensibilidadedaalma.com.br\/index.php?rest_route=\/wp\/v2\/types\/post"}],"author":[{"embeddable":true,"href":"https:\/\/sensibilidadedaalma.com.br\/index.php?rest_route=\/wp\/v2\/users\/1"}],"replies":[{"embeddable":true,"href":"https:\/\/sensibilidadedaalma.com.br\/index.php?rest_route=%2Fwp%2Fv2%2Fcomments&post=36880"}],"version-history":[{"count":14,"href":"https:\/\/sensibilidadedaalma.com.br\/index.php?rest_route=\/wp\/v2\/posts\/36880\/revisions"}],"predecessor-version":[{"id":36897,"href":"https:\/\/sensibilidadedaalma.com.br\/index.php?rest_route=\/wp\/v2\/posts\/36880\/revisions\/36897"}],"wp:attachment":[{"href":"https:\/\/sensibilidadedaalma.com.br\/index.php?rest_route=%2Fwp%2Fv2%2Fmedia&parent=36880"}],"wp:term":[{"taxonomy":"category","embeddable":true,"href":"https:\/\/sensibilidadedaalma.com.br\/index.php?rest_route=%2Fwp%2Fv2%2Fcategories&post=36880"},{"taxonomy":"post_tag","embeddable":true,"href":"https:\/\/sensibilidadedaalma.com.br\/index.php?rest_route=%2Fwp%2Fv2%2Ftags&post=36880"}],"curies":[{"name":"wp","href":"https:\/\/api.w.org\/{rel}","templated":true}]}}