{"id":36826,"date":"2026-04-27T10:51:45","date_gmt":"2026-04-27T13:51:45","guid":{"rendered":"https:\/\/sensibilidadedaalma.com.br\/?p=36826"},"modified":"2026-04-27T11:20:36","modified_gmt":"2026-04-27T14:20:36","slug":"760-sentindo-o-nosso-aprender-com-a-vida","status":"publish","type":"post","link":"https:\/\/sensibilidadedaalma.com.br\/?p=36826","title":{"rendered":"(760) Sentindo o nosso aprender com a vida."},"content":{"rendered":"<p>&#8220;<strong>Alcancei a idade do autoconhecimento, mas ainda n\u00e3o sei nada<\/strong>.&#8221;<\/p>\n<p>Que maravilha! Um exemplo de &#8220;saber viver&#8221;, de sentir a vida aprendendo com ela. S\u00e3o da escritora polonesa <strong>Wislawa Szymborska<\/strong> (1923-2012), que em 1996 ganhou o Pr\u00e9mio Nobel de literatura.<br \/>\nCada vez mais estou convencido de que todos n\u00f3s, nesta dimens\u00e3o de evolu\u00e7\u00e3o existencial, n\u00e3o devemos apenas &#8220;viver por viver&#8221; e sem perceber que temos condi\u00e7\u00f5es de aprender com a nossa pr\u00f3pria vida. Mas o que me motivou este nosso encontro, foi o reconhecimento de <strong>Wislawa Szymborska<\/strong>, de que alcan\u00e7ou a sua &#8220;idade de autoconhecimento&#8221;. Pergunto: Que idade seria essa? Muito cedo aprendi que a vida \u00e9 uma travessia de aprendizados de necessidades de evolu\u00e7\u00e3o para o nosso existir. Mas respondo essa pergunta, com este &#8220;sentir&#8221; de <strong>Guimar\u00e3es Rosa<\/strong> (1908-1967): <\/p>\n<p>&#8211; \u201cO HOMEM NASCEU PARA APRENDER, APRENDER TANTO QUANTO A VIDA LHE PERMITA.&#8221;<\/p>\n<p>Pensem nisso!<\/p>\n<p>Notas:<br \/>\n1. A reprodu\u00e7\u00e3o parcial ou total de qualquer parte desta mensagem, dependem de pr\u00e9via autoriza\u00e7\u00e3o (Lei n\u00ba 9.610\/98).<br \/>\n2. Havendo nesta mensagem qualquer alega\u00e7\u00e3o ou cita\u00e7\u00e3o que mere\u00e7a ser melhor avaliada ou que seja contr\u00e1ria aos interesses dos seus autores, mande sua solicita\u00e7\u00e3o para edsonbsb@uol.com.br<\/p>\n<p>Muita paz e harmonia espiritual para todos.<\/p>\n","protected":false},"excerpt":{"rendered":"<p>&#8220;Alcancei a idade do autoconhecimento, mas ainda n\u00e3o sei nada.&#8221; Que maravilha! Um exemplo de &#8220;saber viver&#8221;, de sentir a vida aprendendo com ela. S\u00e3o da escritora polonesa Wislawa Szymborska (1923-2012), que em 1996 ganhou o Pr\u00e9mio Nobel de literatura. Cada vez mais estou convencido de que todos n\u00f3s, nesta dimens\u00e3o de evolu\u00e7\u00e3o existencial, n\u00e3o &hellip; <a href=\"https:\/\/sensibilidadedaalma.com.br\/?p=36826\" class=\"more-link\">Continuar lendo <span class=\"screen-reader-text\">(760) Sentindo o nosso aprender com a vida.<\/span><\/a><\/p>\n","protected":false},"author":1,"featured_media":0,"comment_status":"open","ping_status":"open","sticky":false,"template":"","format":"standard","meta":{"_jetpack_newsletter_access":"","_jetpack_dont_email_post_to_subs":false,"_jetpack_newsletter_tier_id":0,"_jetpack_memberships_contains_paywalled_content":false,"_jetpack_memberships_contains_paid_content":false,"footnotes":""},"categories":[3],"tags":[],"class_list":["post-36826","post","type-post","status-publish","format-standard","hentry","category-busca-interior"],"jetpack_featured_media_url":"","jetpack_sharing_enabled":true,"jetpack_shortlink":"https:\/\/wp.me\/pfkQEa-9zY","_links":{"self":[{"href":"https:\/\/sensibilidadedaalma.com.br\/index.php?rest_route=\/wp\/v2\/posts\/36826","targetHints":{"allow":["GET"]}}],"collection":[{"href":"https:\/\/sensibilidadedaalma.com.br\/index.php?rest_route=\/wp\/v2\/posts"}],"about":[{"href":"https:\/\/sensibilidadedaalma.com.br\/index.php?rest_route=\/wp\/v2\/types\/post"}],"author":[{"embeddable":true,"href":"https:\/\/sensibilidadedaalma.com.br\/index.php?rest_route=\/wp\/v2\/users\/1"}],"replies":[{"embeddable":true,"href":"https:\/\/sensibilidadedaalma.com.br\/index.php?rest_route=%2Fwp%2Fv2%2Fcomments&post=36826"}],"version-history":[{"count":14,"href":"https:\/\/sensibilidadedaalma.com.br\/index.php?rest_route=\/wp\/v2\/posts\/36826\/revisions"}],"predecessor-version":[{"id":36842,"href":"https:\/\/sensibilidadedaalma.com.br\/index.php?rest_route=\/wp\/v2\/posts\/36826\/revisions\/36842"}],"wp:attachment":[{"href":"https:\/\/sensibilidadedaalma.com.br\/index.php?rest_route=%2Fwp%2Fv2%2Fmedia&parent=36826"}],"wp:term":[{"taxonomy":"category","embeddable":true,"href":"https:\/\/sensibilidadedaalma.com.br\/index.php?rest_route=%2Fwp%2Fv2%2Fcategories&post=36826"},{"taxonomy":"post_tag","embeddable":true,"href":"https:\/\/sensibilidadedaalma.com.br\/index.php?rest_route=%2Fwp%2Fv2%2Ftags&post=36826"}],"curies":[{"name":"wp","href":"https:\/\/api.w.org\/{rel}","templated":true}]}}