{"id":36816,"date":"2026-04-26T19:20:32","date_gmt":"2026-04-26T22:20:32","guid":{"rendered":"https:\/\/sensibilidadedaalma.com.br\/?p=36816"},"modified":"2026-04-27T03:09:41","modified_gmt":"2026-04-27T06:09:41","slug":"759-sentindo-o-que-precisamos-perguntar-somente-para-nos-mesmos","status":"publish","type":"post","link":"https:\/\/sensibilidadedaalma.com.br\/?p=36816","title":{"rendered":"(759) Sentindo o que precisamos perguntar, somente para n\u00f3s mesmos."},"content":{"rendered":"<p>&#8220;<strong>Nascemos inteiros, mas precisamos uns dos outros para sermos completos<\/strong>.&#8221;<\/p>\n<p>S\u00e3o palavras de <strong>Plat\u00e3o<\/strong> (428 a.C-347a.C), fil\u00f3sofo do per\u00edodo cl\u00e1ssico da Gr\u00e9cia Antiga. Na atualidade fico impressionado como esses seres humanos [que gosto de chamar &#8220;pensadores&#8221;], parecem terem tido uma predestina\u00e7\u00e3o, uma Miss\u00e3o Divina, para ensinar todas as futuras gera\u00e7\u00f5es humanas. Como se fossem sementes de &#8220;sabedoria interior&#8221;, de &#8220;conhecimentos&#8221;, para serem aprimorados no futuro. As palavras escolhidas para iniciar este nosso encontro,  motivaram-me lembrar deste ensinamento de <strong>Luiz Felipe Pond\u00e9<\/strong>, no seu livro &#8220;Como aprendi a pensar &#8211; os fil\u00f3sofos que me formaram, publica\u00e7\u00e3o da Editora Planeta em 2019:<\/p>\n<p>&#8211; &#8220;A primeira coisa que se aprende em filosofia \u00e9 que o que importa s\u00e3o as perguntas, e n\u00e3o, necessariamente, as respostas. Flosofia \u00e9 aprender a fazer perguntas significativas que nos tornam mais inteligentes e mais interessantes (n\u00e3o, necessariamente, mais felizes), mesmo que sejamos mera poeira que pensa no vazio do universo, ou talvez, exatamente por isso.&#8221;<\/p>\n<p>Fa\u00e7am sempre suas perguntas que tiverem vontade de fazer. N\u00e3o as que somente ter\u00e3o de serem feitas para si mesmo, porque as respostas s\u00f3 lhes pertencem.<\/p>\n<p>Pensem nisso!<\/p>\n<p>Notas:<br \/>\n1. A reprodu\u00e7\u00e3o parcial ou total de qualquer parte desta mensagem, dependem de pr\u00e9via autoriza\u00e7\u00e3o (Lei n\u00ba 9.610\/98).<br \/>\n2. Havendo nesta mensagem qualquer alega\u00e7\u00e3o ou cita\u00e7\u00e3o que mere\u00e7a ser melhor avaliada ou que seja contr\u00e1ria aos interesses dos seus autores, mande sua solicita\u00e7\u00e3o para edsonbsb@uol.com.br<\/p>\n<p>Muita paz e harmonia espiritual para todos.<\/p>\n","protected":false},"excerpt":{"rendered":"<p>&#8220;Nascemos inteiros, mas precisamos uns dos outros para sermos completos.&#8221; S\u00e3o palavras de Plat\u00e3o (428 a.C-347a.C), fil\u00f3sofo do per\u00edodo cl\u00e1ssico da Gr\u00e9cia Antiga. Na atualidade fico impressionado como esses seres humanos [que gosto de chamar &#8220;pensadores&#8221;], parecem terem tido uma predestina\u00e7\u00e3o, uma Miss\u00e3o Divina, para ensinar todas as futuras gera\u00e7\u00f5es humanas. Como se fossem sementes &hellip; <a href=\"https:\/\/sensibilidadedaalma.com.br\/?p=36816\" class=\"more-link\">Continuar lendo <span class=\"screen-reader-text\">(759) Sentindo o que precisamos perguntar, somente para n\u00f3s mesmos.<\/span><\/a><\/p>\n","protected":false},"author":1,"featured_media":0,"comment_status":"open","ping_status":"open","sticky":false,"template":"","format":"standard","meta":{"_jetpack_newsletter_access":"","_jetpack_dont_email_post_to_subs":false,"_jetpack_newsletter_tier_id":0,"_jetpack_memberships_contains_paywalled_content":false,"_jetpack_memberships_contains_paid_content":false,"footnotes":""},"categories":[3],"tags":[],"class_list":["post-36816","post","type-post","status-publish","format-standard","hentry","category-busca-interior"],"jetpack_featured_media_url":"","jetpack_sharing_enabled":true,"jetpack_shortlink":"https:\/\/wp.me\/pfkQEa-9zO","_links":{"self":[{"href":"https:\/\/sensibilidadedaalma.com.br\/index.php?rest_route=\/wp\/v2\/posts\/36816","targetHints":{"allow":["GET"]}}],"collection":[{"href":"https:\/\/sensibilidadedaalma.com.br\/index.php?rest_route=\/wp\/v2\/posts"}],"about":[{"href":"https:\/\/sensibilidadedaalma.com.br\/index.php?rest_route=\/wp\/v2\/types\/post"}],"author":[{"embeddable":true,"href":"https:\/\/sensibilidadedaalma.com.br\/index.php?rest_route=\/wp\/v2\/users\/1"}],"replies":[{"embeddable":true,"href":"https:\/\/sensibilidadedaalma.com.br\/index.php?rest_route=%2Fwp%2Fv2%2Fcomments&post=36816"}],"version-history":[{"count":6,"href":"https:\/\/sensibilidadedaalma.com.br\/index.php?rest_route=\/wp\/v2\/posts\/36816\/revisions"}],"predecessor-version":[{"id":36825,"href":"https:\/\/sensibilidadedaalma.com.br\/index.php?rest_route=\/wp\/v2\/posts\/36816\/revisions\/36825"}],"wp:attachment":[{"href":"https:\/\/sensibilidadedaalma.com.br\/index.php?rest_route=%2Fwp%2Fv2%2Fmedia&parent=36816"}],"wp:term":[{"taxonomy":"category","embeddable":true,"href":"https:\/\/sensibilidadedaalma.com.br\/index.php?rest_route=%2Fwp%2Fv2%2Fcategories&post=36816"},{"taxonomy":"post_tag","embeddable":true,"href":"https:\/\/sensibilidadedaalma.com.br\/index.php?rest_route=%2Fwp%2Fv2%2Ftags&post=36816"}],"curies":[{"name":"wp","href":"https:\/\/api.w.org\/{rel}","templated":true}]}}