{"id":36800,"date":"2026-04-26T13:28:07","date_gmt":"2026-04-26T16:28:07","guid":{"rendered":"https:\/\/sensibilidadedaalma.com.br\/?p=36800"},"modified":"2026-04-26T19:19:29","modified_gmt":"2026-04-26T22:19:29","slug":"758-sentindo-a-nossa-vida","status":"publish","type":"post","link":"https:\/\/sensibilidadedaalma.com.br\/?p=36800","title":{"rendered":"(758) Sentindo a nossa vida, sempre que poss\u00edvel com sentimentos de alegria."},"content":{"rendered":"<p><strong>A alegria \u00e9 a prova dos nove de que a vida vale a pena. Sim! porque h\u00e1 penas envolvidas, mas nada nem ningu\u00e9m pode obrigar um ser humano a perder a alegria. Se a alegria \u00e9 perdida n\u00e3o \u00e9 como resultado de circunst\u00e2ncias negativas, \u00e9 porque o humano se esquece de reverenciar a Vida de todas as vidas em seu cora\u00e7\u00e3o.<\/strong><\/p>\n<p>Que sublime inspira\u00e7\u00e3o do astr\u00f3logo <strong>Oscar Quiroga<\/strong>,  manifestada em parte da introdu\u00e7\u00e3o do seu hor\u00f3scopo divulgado hoje, dia 26\/04\/2026. O que mais me chamou aten\u00e7\u00e3o foi este seu reconhecimento, por mim assim resumido &#8211; &#8220;o humano se esquece de reverenciar Vida&#8221;. Mas \u00e9 evidente que n\u00e3o s\u00e3o todos. Certo \u00e9 que todos n\u00f3s somos  \u00fanicos, respons\u00e1veis pelas escolhas dos nossos jeitos de ser e de viver. O que n\u00e3o podemos esquecer, \u00e9 que a vida da gente sempre precisa ter um prop\u00f3sito que s\u00f3 nos pertence. A respeito, <strong>Eduardo Shinyashiki<\/strong>, mestre em Neuropsicologia, escreveu no seu interessante artigo &#8220;Como definir o meu prop\u00f3sito?, publicado na edi\u00e7\u00e3o 147 da antiga revista Psique, da Editora Escala:<\/p>\n<p>&#8211; &#8220;Sem um prop\u00f3sito claro, as pessoas at\u00e9 alcan\u00e7am os seus objetivos, mas n\u00e3o se sentem felizes. Elas concluem uma meta e n\u00e3o ficam satisfeitas, cumprem seus planos, mas n\u00e3o entram em um estado de plenitude e realiza\u00e7\u00e3o. Para elas, falta o significado maior do seu agir e fazer. O seu prop\u00f3sito n\u00e3o \u00e9 e nunca ser\u00e1 igual ao de outras pessoas. Ele \u00e9 especialmente \u00fanico. \u00c9 essencial saber que, para atingi-lo, percorrer\u00e1 por objetivos e metas, por isso faz-se necess\u00e1rio saber se os objetivos que tem como prioridade servem realmente para voc\u00ea.&#8221;<\/p>\n<p>Vejam dentre outros, o que j\u00e1 disseram sobre a vida: <strong>Vin\u00edcius de Moraes<\/strong>: \u201c\u00c9 melhor ser alegre que ser triste, alegria \u00e9 a melhor coisa que existe. \/ <strong>Freud<\/strong>: \u201cN\u00e3o permito que nenhuma reflex\u00e3o filos\u00f3fica me tire a alegria das coisas simples da vida\u201d \/ <strong>Pablo Neruda<\/strong>: \u201cTe amo, beijo em tua boca a alegria.\u201d \/<br \/>\n<strong>Clarice Lispector<\/strong>: \u201cSou dram\u00e1tica, intensa, transit\u00f3ria e tenho uma alegria em mim que quase me deixa exausta.\u201d e \u201cNos piores momentos lembre-se: quem \u00e9 capaz de sofrer intensamente tamb\u00e9m pode ser capaz de intensa alegria.\u201d \/ <strong>Montaigne<\/strong>: \u201cA prova mais clara de sabedoria \u00e9 uma alegria constante.\u201d \/ <strong>Johann Goethe<\/strong>: \u201cA alegria n\u00e3o est\u00e1 nas coisas, est\u00e1 em n\u00f3s.\u201d e <strong>Mario Quintana<\/strong>: \u201cAs pessoas n\u00e3o se precisam, elas se completam&#8230; n\u00e3o por serem metades, mas por serem inteiras, dispostas a dividir objetivos comuns, alegrias e vida.\u201d<\/p>\n<p>Sinta com o seu cora\u00e7\u00e3o, e agrade\u00e7a a Deus o seu viver.<\/p>\n<p>Pensem nisso!<\/p>\n<p>Notas:<br \/>\n1. A reprodu\u00e7\u00e3o parcial ou total de qualquer parte desta mensagem, dependem de pr\u00e9via autoriza\u00e7\u00e3o (Lei n\u00ba 9.610\/98).<br \/>\n2. Havendo nesta mensagem qualquer alega\u00e7\u00e3o ou cita\u00e7\u00e3o que mere\u00e7a ser melhor avaliada ou que seja contr\u00e1ria aos interesses dos seus autores, mande sua solicita\u00e7\u00e3o para edsonbsb@uol.com.br<\/p>\n<p>Muita paz e harmonia espiritual para todos.<\/p>\n","protected":false},"excerpt":{"rendered":"<p>A alegria \u00e9 a prova dos nove de que a vida vale a pena. Sim! porque h\u00e1 penas envolvidas, mas nada nem ningu\u00e9m pode obrigar um ser humano a perder a alegria. Se a alegria \u00e9 perdida n\u00e3o \u00e9 como resultado de circunst\u00e2ncias negativas, \u00e9 porque o humano se esquece de reverenciar a Vida de &hellip; <a href=\"https:\/\/sensibilidadedaalma.com.br\/?p=36800\" class=\"more-link\">Continuar lendo <span class=\"screen-reader-text\">(758) Sentindo a nossa vida, sempre que poss\u00edvel com sentimentos de alegria.<\/span><\/a><\/p>\n","protected":false},"author":1,"featured_media":0,"comment_status":"open","ping_status":"open","sticky":false,"template":"","format":"standard","meta":{"_jetpack_newsletter_access":"","_jetpack_dont_email_post_to_subs":false,"_jetpack_newsletter_tier_id":0,"_jetpack_memberships_contains_paywalled_content":false,"_jetpack_memberships_contains_paid_content":false,"footnotes":""},"categories":[3],"tags":[],"class_list":["post-36800","post","type-post","status-publish","format-standard","hentry","category-busca-interior"],"jetpack_featured_media_url":"","jetpack_sharing_enabled":true,"jetpack_shortlink":"https:\/\/wp.me\/pfkQEa-9zy","_links":{"self":[{"href":"https:\/\/sensibilidadedaalma.com.br\/index.php?rest_route=\/wp\/v2\/posts\/36800","targetHints":{"allow":["GET"]}}],"collection":[{"href":"https:\/\/sensibilidadedaalma.com.br\/index.php?rest_route=\/wp\/v2\/posts"}],"about":[{"href":"https:\/\/sensibilidadedaalma.com.br\/index.php?rest_route=\/wp\/v2\/types\/post"}],"author":[{"embeddable":true,"href":"https:\/\/sensibilidadedaalma.com.br\/index.php?rest_route=\/wp\/v2\/users\/1"}],"replies":[{"embeddable":true,"href":"https:\/\/sensibilidadedaalma.com.br\/index.php?rest_route=%2Fwp%2Fv2%2Fcomments&post=36800"}],"version-history":[{"count":17,"href":"https:\/\/sensibilidadedaalma.com.br\/index.php?rest_route=\/wp\/v2\/posts\/36800\/revisions"}],"predecessor-version":[{"id":36820,"href":"https:\/\/sensibilidadedaalma.com.br\/index.php?rest_route=\/wp\/v2\/posts\/36800\/revisions\/36820"}],"wp:attachment":[{"href":"https:\/\/sensibilidadedaalma.com.br\/index.php?rest_route=%2Fwp%2Fv2%2Fmedia&parent=36800"}],"wp:term":[{"taxonomy":"category","embeddable":true,"href":"https:\/\/sensibilidadedaalma.com.br\/index.php?rest_route=%2Fwp%2Fv2%2Fcategories&post=36800"},{"taxonomy":"post_tag","embeddable":true,"href":"https:\/\/sensibilidadedaalma.com.br\/index.php?rest_route=%2Fwp%2Fv2%2Ftags&post=36800"}],"curies":[{"name":"wp","href":"https:\/\/api.w.org\/{rel}","templated":true}]}}