{"id":36788,"date":"2026-04-25T13:01:00","date_gmt":"2026-04-25T16:01:00","guid":{"rendered":"https:\/\/sensibilidadedaalma.com.br\/?p=36788"},"modified":"2026-04-25T17:39:23","modified_gmt":"2026-04-25T20:39:23","slug":"757-sentindo-a-necessidade-de-mais-solidariedade","status":"publish","type":"post","link":"https:\/\/sensibilidadedaalma.com.br\/?p=36788","title":{"rendered":"(757) Sentindo a necessidade de mais solidariedade."},"content":{"rendered":"<p>\u201c<strong>A solidariedade \u00e9 o sentimento que melhor expressa o respeito pela dignidade humana<\/strong>.\u201d<\/p>\n<p>S\u00e3o palavras do escritor alem\u00e3o, <strong>Franz Kafka<\/strong> (1883-1924). Concordo, porque para mim a solidariedade humana \u00e9 mais que um sentimento, tamb\u00e9m \u00e9 uma necessidade em muitas circunst\u00e2ncias dos nossos relacionamentos. Assim entendo, por considerar que sempre que poss\u00edvel n\u00f3s devemos subjetivamente, avaliar as circunst\u00e2ncias que nos levam a manifest\u00e1-la e tamb\u00e9m para quem. Gosto muito desta analogia de <strong>Lya Luft<\/strong> (1938-2021), para quem dediquei esta nossa caminhada para o &#8220;autoconhecimento&#8221; [Fonte: O seu primoroso livro &#8220;<strong>Perdas &#038; Ganhos<\/strong>, publica\u00e7\u00e3o da Editora Record]: <\/p>\n<p>&#8211; &#8220;<strong>O mundo em si n\u00e3o tem sentido sem o nosso olhar que lhe atribui identidade, sem o nosso pensamento que lhe confere alguma ordem. Viver, como talvez morrer, \u00e9 recriar-se a cada momento. A vida n\u00e3o est\u00e1 a\u00ed apenas para ser suportada ou vivida, mas elaborada. Eventualmente reprogramada. Conscientemente executada<\/strong>.&#8221;<\/p>\n<p>Vamos reprogramar o nosso viver, sendo mais solid\u00e1rios!<\/p>\n<p>Pensem nisso!<\/p>\n<p>Notas:<br \/>\n1. A reprodu\u00e7\u00e3o parcial ou total de qualquer parte desta mensagem, dependem de pr\u00e9via autoriza\u00e7\u00e3o (Lei n\u00ba 9.610\/98).<br \/>\n2. Havendo nesta mensagem qualquer alega\u00e7\u00e3o ou cita\u00e7\u00e3o que mere\u00e7a ser melhor avaliada ou que seja contr\u00e1ria aos interesses dos seus autores, mande sua solicita\u00e7\u00e3o para edsonbsb@uol.com.br<\/p>\n<p>Muita paz e harmonia espiritual para todos.<\/p>\n","protected":false},"excerpt":{"rendered":"<p>\u201cA solidariedade \u00e9 o sentimento que melhor expressa o respeito pela dignidade humana.\u201d S\u00e3o palavras do escritor alem\u00e3o, Franz Kafka (1883-1924). Concordo, porque para mim a solidariedade humana \u00e9 mais que um sentimento, tamb\u00e9m \u00e9 uma necessidade em muitas circunst\u00e2ncias dos nossos relacionamentos. Assim entendo, por considerar que sempre que poss\u00edvel n\u00f3s devemos subjetivamente, avaliar &hellip; <a href=\"https:\/\/sensibilidadedaalma.com.br\/?p=36788\" class=\"more-link\">Continuar lendo <span class=\"screen-reader-text\">(757) Sentindo a necessidade de mais solidariedade.<\/span><\/a><\/p>\n","protected":false},"author":1,"featured_media":0,"comment_status":"open","ping_status":"open","sticky":false,"template":"","format":"standard","meta":{"_jetpack_newsletter_access":"","_jetpack_dont_email_post_to_subs":false,"_jetpack_newsletter_tier_id":0,"_jetpack_memberships_contains_paywalled_content":false,"_jetpack_memberships_contains_paid_content":false,"footnotes":""},"categories":[3],"tags":[],"class_list":["post-36788","post","type-post","status-publish","format-standard","hentry","category-busca-interior"],"jetpack_featured_media_url":"","jetpack_sharing_enabled":true,"jetpack_shortlink":"https:\/\/wp.me\/pfkQEa-9zm","_links":{"self":[{"href":"https:\/\/sensibilidadedaalma.com.br\/index.php?rest_route=\/wp\/v2\/posts\/36788","targetHints":{"allow":["GET"]}}],"collection":[{"href":"https:\/\/sensibilidadedaalma.com.br\/index.php?rest_route=\/wp\/v2\/posts"}],"about":[{"href":"https:\/\/sensibilidadedaalma.com.br\/index.php?rest_route=\/wp\/v2\/types\/post"}],"author":[{"embeddable":true,"href":"https:\/\/sensibilidadedaalma.com.br\/index.php?rest_route=\/wp\/v2\/users\/1"}],"replies":[{"embeddable":true,"href":"https:\/\/sensibilidadedaalma.com.br\/index.php?rest_route=%2Fwp%2Fv2%2Fcomments&post=36788"}],"version-history":[{"count":8,"href":"https:\/\/sensibilidadedaalma.com.br\/index.php?rest_route=\/wp\/v2\/posts\/36788\/revisions"}],"predecessor-version":[{"id":36798,"href":"https:\/\/sensibilidadedaalma.com.br\/index.php?rest_route=\/wp\/v2\/posts\/36788\/revisions\/36798"}],"wp:attachment":[{"href":"https:\/\/sensibilidadedaalma.com.br\/index.php?rest_route=%2Fwp%2Fv2%2Fmedia&parent=36788"}],"wp:term":[{"taxonomy":"category","embeddable":true,"href":"https:\/\/sensibilidadedaalma.com.br\/index.php?rest_route=%2Fwp%2Fv2%2Fcategories&post=36788"},{"taxonomy":"post_tag","embeddable":true,"href":"https:\/\/sensibilidadedaalma.com.br\/index.php?rest_route=%2Fwp%2Fv2%2Ftags&post=36788"}],"curies":[{"name":"wp","href":"https:\/\/api.w.org\/{rel}","templated":true}]}}