{"id":36757,"date":"2026-04-23T13:12:51","date_gmt":"2026-04-23T16:12:51","guid":{"rendered":"https:\/\/sensibilidadedaalma.com.br\/?p=36757"},"modified":"2026-04-23T13:12:52","modified_gmt":"2026-04-23T16:12:52","slug":"755-sentindo-para-sempre-fernando-sabino","status":"publish","type":"post","link":"https:\/\/sensibilidadedaalma.com.br\/?p=36757","title":{"rendered":"(755) Sentindo para sempre, Fernando Sabino."},"content":{"rendered":"<p><strong>\u201cVou escrever alguma coisa que n\u00e3o sei o que seja, justamente para ficar sabendo. E que s\u00f3 eu posso me dizer, mais ningu\u00e9m<\/strong>\u201d<\/p>\n<p>S\u00e3o palavras do escritor <strong>Fernando Sabino<\/strong> (1923-2004), um dos seres humanos com quem em vida muito me identifiquei. Dele, dentre outros, gosto muito deste seu &#8220;sentir&#8221;: <\/p>\n<p>&#8211; \u201c<strong>Liberdade \u00e9 o espa\u00e7o que a felicidade precisa<\/strong>.&#8221; <\/p>\n<p>Agora sintam esta sua inspira\u00e7\u00e3o que enriquece o seu livro &#8220;O Encontro Marcado&#8221;, publica\u00e7\u00e3o da Editora: Record [Trecho adaptado de &#8220;O Escolhido&#8221;]:<\/p>\n<p>&#8220;<strong>De tudo ficaram tr\u00eas coisas&#8230;<br \/>\nA certeza de que estamos come\u00e7ando&#8230;<br \/>\nA certeza de que \u00e9 preciso continuar&#8230;<br \/>\nA certeza de que podemos ser interrompidos<br \/>\nantes de terminar&#8230;<br \/>\nFa\u00e7amos da interrup\u00e7\u00e3o um caminho novo&#8230;<br \/>\nDa queda, um passo de dan\u00e7a&#8230;<br \/>\nDo medo, uma escada&#8230;<br \/>\nDo sonho, uma ponte&#8230;<br \/>\nDa procura, um encontro!<\/strong><\/p>\n<p>Pensem nisso!<\/p>\n<p>Notas:<br \/>\n1. A reprodu\u00e7\u00e3o parcial ou total de qualquer parte desta mensagem, dependem de pr\u00e9via autoriza\u00e7\u00e3o (Lei n\u00ba 9.610\/98).<br \/>\n2. Havendo nesta mensagem qualquer alega\u00e7\u00e3o ou cita\u00e7\u00e3o que mere\u00e7a ser melhor avaliada ou que seja contr\u00e1ria aos interesses dos seus autores, mande sua solicita\u00e7\u00e3o para edsonbsb@uol.com.br<\/p>\n<p>Muita paz e harmonia espiritual para todos.<\/p>\n","protected":false},"excerpt":{"rendered":"<p>\u201cVou escrever alguma coisa que n\u00e3o sei o que seja, justamente para ficar sabendo. E que s\u00f3 eu posso me dizer, mais ningu\u00e9m\u201d S\u00e3o palavras do escritor Fernando Sabino (1923-2004), um dos seres humanos com quem em vida muito me identifiquei. Dele, dentre outros, gosto muito deste seu &#8220;sentir&#8221;: &#8211; \u201cLiberdade \u00e9 o espa\u00e7o que &hellip; <a href=\"https:\/\/sensibilidadedaalma.com.br\/?p=36757\" class=\"more-link\">Continuar lendo <span class=\"screen-reader-text\">(755) Sentindo para sempre, Fernando Sabino.<\/span><\/a><\/p>\n","protected":false},"author":1,"featured_media":0,"comment_status":"open","ping_status":"open","sticky":false,"template":"","format":"standard","meta":{"_jetpack_newsletter_access":"","_jetpack_dont_email_post_to_subs":false,"_jetpack_newsletter_tier_id":0,"_jetpack_memberships_contains_paywalled_content":false,"_jetpack_memberships_contains_paid_content":false,"footnotes":""},"categories":[3],"tags":[],"class_list":["post-36757","post","type-post","status-publish","format-standard","hentry","category-busca-interior"],"jetpack_featured_media_url":"","jetpack_sharing_enabled":true,"jetpack_shortlink":"https:\/\/wp.me\/pfkQEa-9yR","_links":{"self":[{"href":"https:\/\/sensibilidadedaalma.com.br\/index.php?rest_route=\/wp\/v2\/posts\/36757","targetHints":{"allow":["GET"]}}],"collection":[{"href":"https:\/\/sensibilidadedaalma.com.br\/index.php?rest_route=\/wp\/v2\/posts"}],"about":[{"href":"https:\/\/sensibilidadedaalma.com.br\/index.php?rest_route=\/wp\/v2\/types\/post"}],"author":[{"embeddable":true,"href":"https:\/\/sensibilidadedaalma.com.br\/index.php?rest_route=\/wp\/v2\/users\/1"}],"replies":[{"embeddable":true,"href":"https:\/\/sensibilidadedaalma.com.br\/index.php?rest_route=%2Fwp%2Fv2%2Fcomments&post=36757"}],"version-history":[{"count":15,"href":"https:\/\/sensibilidadedaalma.com.br\/index.php?rest_route=\/wp\/v2\/posts\/36757\/revisions"}],"predecessor-version":[{"id":36772,"href":"https:\/\/sensibilidadedaalma.com.br\/index.php?rest_route=\/wp\/v2\/posts\/36757\/revisions\/36772"}],"wp:attachment":[{"href":"https:\/\/sensibilidadedaalma.com.br\/index.php?rest_route=%2Fwp%2Fv2%2Fmedia&parent=36757"}],"wp:term":[{"taxonomy":"category","embeddable":true,"href":"https:\/\/sensibilidadedaalma.com.br\/index.php?rest_route=%2Fwp%2Fv2%2Fcategories&post=36757"},{"taxonomy":"post_tag","embeddable":true,"href":"https:\/\/sensibilidadedaalma.com.br\/index.php?rest_route=%2Fwp%2Fv2%2Ftags&post=36757"}],"curies":[{"name":"wp","href":"https:\/\/api.w.org\/{rel}","templated":true}]}}