{"id":36207,"date":"2026-03-12T17:40:41","date_gmt":"2026-03-12T20:40:41","guid":{"rendered":"https:\/\/sensibilidadedaalma.com.br\/?p=36207"},"modified":"2026-04-05T13:21:08","modified_gmt":"2026-04-05T16:21:08","slug":"706-sentindo-a-necessidade-de-cuidados-com-a-poluicao-sonora","status":"publish","type":"post","link":"https:\/\/sensibilidadedaalma.com.br\/?p=36207","title":{"rendered":"(720) Sentindo a necessidade de cuidados, com a polui\u00e7\u00e3o sonora."},"content":{"rendered":"<p><strong>Sentindo a import\u00e2ncia da percep\u00e7\u00e3o auditiva<\/strong>.<\/p>\n<p>S\u00e3o minhas palavras, que nos ajuda a nos orientar em muitas das nossas inteira\u00e7\u00f5es existenciais, principalmente diante do que para n\u00f3s, ainda \u00e9 desconhecido. Me foram intuidas ap\u00f3s a leitura destas considera\u00e7\u00f5es da doutora em Filosofia (PUC-SP), <strong>MONICA AIUB<\/strong>, sobre &#8220;Ler, Escutar e Pensar&#8221;, divulgadas na Edi\u00e7\u00e3o 171 da Revista Humanitas, publica\u00e7\u00e3o da Editotra Escala:<\/p>\n<p>&#8211; &#8220;David Burrow (1990) levantou a hip\u00f3tese de que a forma como n\u00f3s, humanos, experienciamos os sons seria respons\u00e1vel por nossas capacidades de pensamento, express\u00e3o e comunica\u00e7\u00e3o. Isso ocorreria porque os sons nos permitiriam um distanciamento do mundo material, propiciando o surgimento do pensar. Por\u00e9m, hoje, para que possamos ser mais produtivos, para aproveitarmos melhor o tempo, n\u00e3o nos permitimos o distanciamento do mundo material, n\u00e3o nos  dedicamos exclusivamente \u00e0 leitura ou \u00e0 escuta. Fazemos isso enquanto desempenhamos muitas outras tarefas, algumas delas inconcili\u00e1veis em tempos anteriores. Com isso, estar\u00edamos alterando nossas capacidades cognitivas? Seria o fim da leitura? A dispers\u00e3o provocada pela realiza\u00e7\u00e3o de v\u00e1rias tarefas concomitantemente afetaria nossa escuta? E o nosso pensar? Conseguimos observar as implica\u00e7\u00f5es de nosso desejo de produtividade cada vez maior em nossa sa\u00fade, no clima, nas rela\u00e7\u00f5es sociais&#8230; em nosso pensar&#8230; O que seremos:  espectadores passivos que servem como engrenagens de uma &#8220;m\u00e1quina produtiva&#8221; ou seres pensantes, cr\u00edticos e criativos, capazes de gerar modos de vida mais sustent\u00e1veis?&#8221;<\/p>\n<p>Pensem nisso!<\/p>\n<p>Notas:<br \/>\n1. A reprodu\u00e7\u00e3o parcial ou total de qualquer parte desta mensagem, dependem de pr\u00e9via autoriza\u00e7\u00e3o (Lei n\u00ba 9.610\/98).<br \/>\n2. Havendo nesta mensagem qualquer alega\u00e7\u00e3o ou cita\u00e7\u00e3o que mere\u00e7a ser melhor avaliada ou que seja contr\u00e1ria aos interesses dos seus autores, mande sua solicita\u00e7\u00e3o para edsonbsb@uol.com.br<\/p>\n<p>Muita paz e harmonia espiritual para todos.                                                                                                                                                                                                                                                                                <\/p>\n","protected":false},"excerpt":{"rendered":"<p>Sentindo a import\u00e2ncia da percep\u00e7\u00e3o auditiva. S\u00e3o minhas palavras, que nos ajuda a nos orientar em muitas das nossas inteira\u00e7\u00f5es existenciais, principalmente diante do que para n\u00f3s, ainda \u00e9 desconhecido. Me foram intuidas ap\u00f3s a leitura destas considera\u00e7\u00f5es da doutora em Filosofia (PUC-SP), MONICA AIUB, sobre &#8220;Ler, Escutar e Pensar&#8221;, divulgadas na Edi\u00e7\u00e3o 171 da &hellip; <a href=\"https:\/\/sensibilidadedaalma.com.br\/?p=36207\" class=\"more-link\">Continuar lendo <span class=\"screen-reader-text\">(720) Sentindo a necessidade de cuidados, com a polui\u00e7\u00e3o sonora.<\/span><\/a><\/p>\n","protected":false},"author":1,"featured_media":0,"comment_status":"open","ping_status":"open","sticky":false,"template":"","format":"standard","meta":{"_jetpack_newsletter_access":"","_jetpack_dont_email_post_to_subs":false,"_jetpack_newsletter_tier_id":0,"_jetpack_memberships_contains_paywalled_content":false,"_jetpack_memberships_contains_paid_content":false,"footnotes":""},"categories":[3],"tags":[],"class_list":["post-36207","post","type-post","status-publish","format-standard","hentry","category-busca-interior"],"jetpack_featured_media_url":"","jetpack_sharing_enabled":true,"jetpack_shortlink":"https:\/\/wp.me\/pfkQEa-9pZ","_links":{"self":[{"href":"https:\/\/sensibilidadedaalma.com.br\/index.php?rest_route=\/wp\/v2\/posts\/36207","targetHints":{"allow":["GET"]}}],"collection":[{"href":"https:\/\/sensibilidadedaalma.com.br\/index.php?rest_route=\/wp\/v2\/posts"}],"about":[{"href":"https:\/\/sensibilidadedaalma.com.br\/index.php?rest_route=\/wp\/v2\/types\/post"}],"author":[{"embeddable":true,"href":"https:\/\/sensibilidadedaalma.com.br\/index.php?rest_route=\/wp\/v2\/users\/1"}],"replies":[{"embeddable":true,"href":"https:\/\/sensibilidadedaalma.com.br\/index.php?rest_route=%2Fwp%2Fv2%2Fcomments&post=36207"}],"version-history":[{"count":3,"href":"https:\/\/sensibilidadedaalma.com.br\/index.php?rest_route=\/wp\/v2\/posts\/36207\/revisions"}],"predecessor-version":[{"id":36247,"href":"https:\/\/sensibilidadedaalma.com.br\/index.php?rest_route=\/wp\/v2\/posts\/36207\/revisions\/36247"}],"wp:attachment":[{"href":"https:\/\/sensibilidadedaalma.com.br\/index.php?rest_route=%2Fwp%2Fv2%2Fmedia&parent=36207"}],"wp:term":[{"taxonomy":"category","embeddable":true,"href":"https:\/\/sensibilidadedaalma.com.br\/index.php?rest_route=%2Fwp%2Fv2%2Fcategories&post=36207"},{"taxonomy":"post_tag","embeddable":true,"href":"https:\/\/sensibilidadedaalma.com.br\/index.php?rest_route=%2Fwp%2Fv2%2Ftags&post=36207"}],"curies":[{"name":"wp","href":"https:\/\/api.w.org\/{rel}","templated":true}]}}