{"id":36201,"date":"2026-03-12T12:56:33","date_gmt":"2026-03-12T15:56:33","guid":{"rendered":"https:\/\/sensibilidadedaalma.com.br\/?p=36201"},"modified":"2026-03-15T16:42:47","modified_gmt":"2026-03-15T19:42:47","slug":"705-sentindo-os-sisifos-dos-nossos-tempos","status":"publish","type":"post","link":"https:\/\/sensibilidadedaalma.com.br\/?p=36201","title":{"rendered":"(719) Sentindo os S\u00edsifos, dos nossos tempos."},"content":{"rendered":"<p>&#8220;<strong>Good article! We will be linking to this particularly great article on our site. Keep up the good writing<\/strong>. Tradu\u00e7\u00e3o: \u00d3timo artigo! Vamos incluir um link para este excelente artigo em nosso site. Continue escrevendo bem.<\/p>\n<p>S\u00e3o gratificantes e emocionam, essa manifesta\u00e7\u00f5es de reconhecimentos da nossa proposta de buscas de &#8220;autoconhecimento&#8221; e de interioriza\u00e7\u00e3o. Detalhe: Em sua maioria recebidos do exterior, o que n\u00e3o sei explicar. Hoje pe\u00e7o sua aten\u00e7\u00e3o para estas considera\u00e7\u00f5es do doutor em Educa\u00e7\u00e3o Hist\u00f3rica, <strong>Daniel Medeiros<\/strong>, sobre <strong>S\u00edsifo<<\/strong>, publicadas na Edi\u00e7\u00e3o 171 da Revista Hunanitas, publica\u00e7\u00e3o da Editora  Escala (numerei):<br \/>\n<strong>1.<\/strong> Conta a mitologia grega que S\u00edsifo foi um cidad\u00e3o condenado pelos deuses a uma tarefa inusitada: subir um morro carregando uma pesada rocha, apenas para v\u00ea-la deslizar por todo o trajeto percorrido e come\u00e7ar tudo outra vez. Essa imagem, de repetir a mesma \u00e1rdua tarefa sem que se alcance o objetivo almejado, ilustrou, ao longo do tempo, a falta de finalidade da exist\u00eancia humana.<br \/>\n<strong>2.<\/strong>  S\u00edsifo \u00e9 a personifica\u00e7\u00e3o do homem comom, que se esfalta a vida inteira na esperan\u00e7a de, em algum momento, receber a recompensa merecida, mas tudo que acontece \u00e9 um &#8220;quase&#8221;, seguido por uma nova empreitada morro acima.<br \/>\n<strong>3.<\/strong> Em algum momento, pode surgir a pergunta que \u00e9, segundo o fil\u00f3sofo Albert Camus, a \u00fanica verdadeira quest\u00e3o da exist\u00eancia humana: o que fazer? Continuar? Ou, como diria o poeta Jo\u00e3o Cabral de Mello Neto,&#8221;pular da ponte da vida? Visto que, se estou escrevendo este texto e voc\u00ea o est\u00e1 lendo, optamos por continuar, ou seja, aceitamos o absurdo e buscamos, nele, um sentido para continuarmos em nossa faina de crescer, produzir, prover, cuidar, envelhecer e, s\u00f3 ent\u00e3o, quando as pernas falharem, deixar a pedra rolar pela \u00faltima vez.<br \/>\n<strong>4.<\/strong> Quando a pedra deslisar e se perder l\u00e1 embaixo, estaremos no alto do morro e seremos livres. N\u00e3o ser\u00e1 por muito tempo, mas ser\u00e1 um tempo \u00fanico e incr\u00edvel. Depois desceremos com o vento no rosto, sentindo as for\u00e7as da natureza restaurando nosso cansa\u00e7o. E ser\u00e1 hora de encarar a pedra novamente, com a alegria de quem sabe o que est\u00e1 fazendo. <\/p>\n<p>Quando escolhi a hist\u00f3ria de S\u00edsifo para este nosso encontro, a minha inte\u00e7\u00e3o era perguntar se eles ainda existem entre n\u00f3s. Estava tendente a concluir que n\u00e3o existem mais. Acontece que mudei de ideia quando reconheci que agora, as nossas pedras s\u00e3o as nossas &#8220;consci\u00eancias&#8221; que nem sempre conseguimos escutar para mudar as nossas realidades de vida.<\/p>\n<p>Pensem nisso!<\/p>\n<p>Notas:<br \/>\n1. A reprodu\u00e7\u00e3o parcial ou total de qualquer parte desta mensagem, dependem de pr\u00e9via autoriza\u00e7\u00e3o (Lei n\u00ba 9.610\/98).<br \/>\n2. Havendo nesta mensagem qualquer alega\u00e7\u00e3o ou cita\u00e7\u00e3o que mere\u00e7a ser melhor avaliada ou que seja contr\u00e1ria aos interesses dos seus autores, mande sua solicita\u00e7\u00e3o para edsonbsb@uol.com.br<\/p>\n<p>Muita paz e harmonia espiritual para todos. <\/p>\n","protected":false},"excerpt":{"rendered":"<p>&#8220;Good article! We will be linking to this particularly great article on our site. Keep up the good writing. Tradu\u00e7\u00e3o: \u00d3timo artigo! Vamos incluir um link para este excelente artigo em nosso site. Continue escrevendo bem. S\u00e3o gratificantes e emocionam, essa manifesta\u00e7\u00f5es de reconhecimentos da nossa proposta de buscas de &#8220;autoconhecimento&#8221; e de interioriza\u00e7\u00e3o. Detalhe: &hellip; <a href=\"https:\/\/sensibilidadedaalma.com.br\/?p=36201\" class=\"more-link\">Continuar lendo <span class=\"screen-reader-text\">(719) Sentindo os S\u00edsifos, dos nossos tempos.<\/span><\/a><\/p>\n","protected":false},"author":1,"featured_media":0,"comment_status":"open","ping_status":"open","sticky":false,"template":"","format":"standard","meta":{"_jetpack_newsletter_access":"","_jetpack_dont_email_post_to_subs":false,"_jetpack_newsletter_tier_id":0,"_jetpack_memberships_contains_paywalled_content":false,"_jetpack_memberships_contains_paid_content":false,"footnotes":""},"categories":[3],"tags":[],"class_list":["post-36201","post","type-post","status-publish","format-standard","hentry","category-busca-interior"],"jetpack_featured_media_url":"","jetpack_sharing_enabled":true,"jetpack_shortlink":"https:\/\/wp.me\/pfkQEa-9pT","_links":{"self":[{"href":"https:\/\/sensibilidadedaalma.com.br\/index.php?rest_route=\/wp\/v2\/posts\/36201","targetHints":{"allow":["GET"]}}],"collection":[{"href":"https:\/\/sensibilidadedaalma.com.br\/index.php?rest_route=\/wp\/v2\/posts"}],"about":[{"href":"https:\/\/sensibilidadedaalma.com.br\/index.php?rest_route=\/wp\/v2\/types\/post"}],"author":[{"embeddable":true,"href":"https:\/\/sensibilidadedaalma.com.br\/index.php?rest_route=\/wp\/v2\/users\/1"}],"replies":[{"embeddable":true,"href":"https:\/\/sensibilidadedaalma.com.br\/index.php?rest_route=%2Fwp%2Fv2%2Fcomments&post=36201"}],"version-history":[{"count":8,"href":"https:\/\/sensibilidadedaalma.com.br\/index.php?rest_route=\/wp\/v2\/posts\/36201\/revisions"}],"predecessor-version":[{"id":36246,"href":"https:\/\/sensibilidadedaalma.com.br\/index.php?rest_route=\/wp\/v2\/posts\/36201\/revisions\/36246"}],"wp:attachment":[{"href":"https:\/\/sensibilidadedaalma.com.br\/index.php?rest_route=%2Fwp%2Fv2%2Fmedia&parent=36201"}],"wp:term":[{"taxonomy":"category","embeddable":true,"href":"https:\/\/sensibilidadedaalma.com.br\/index.php?rest_route=%2Fwp%2Fv2%2Fcategories&post=36201"},{"taxonomy":"post_tag","embeddable":true,"href":"https:\/\/sensibilidadedaalma.com.br\/index.php?rest_route=%2Fwp%2Fv2%2Ftags&post=36201"}],"curies":[{"name":"wp","href":"https:\/\/api.w.org\/{rel}","templated":true}]}}