{"id":36191,"date":"2026-03-07T18:21:51","date_gmt":"2026-03-07T21:21:51","guid":{"rendered":"https:\/\/sensibilidadedaalma.com.br\/?p=36191"},"modified":"2026-03-15T16:41:20","modified_gmt":"2026-03-15T19:41:20","slug":"708-sentindo-o-nosso-trabalho-principalmente-com-fonte-de-crescimento-interior","status":"publish","type":"post","link":"https:\/\/sensibilidadedaalma.com.br\/?p=36191","title":{"rendered":"(718) Sentindo o nosso trabalho, principalmente com fonte de crescimento interior."},"content":{"rendered":"<p>&#8220;<strong>O trabalho n\u00e3o \u00e9 apenas uma obriga\u00e7\u00e3o, \u00e9 uma oportunidade para fazer a diferen\u00e7a no mundo<\/strong>.&#8221;<\/p>\n<p>S\u00e3o palavras de <strong>Martin Luther King Jr<\/strong>. Todo trabalho, seja de que natureza for, s\u00e3o fontes de crescimento e aprendizado. Gosto destas palavras de <strong>Sigmund Freud<\/strong> (1856-1939):<\/p>\n<p>&#8211; \u201cN\u00e3o posso imaginar que uma vida sem trabalho seja capaz de trazer qualquer esp\u00e9cie de conforto. A imagina\u00e7\u00e3o criadora e o trabalho para mim andam de m\u00e3os dadas; n\u00e3o retiro prazer de nenhuma outra coisa.\u201d<\/p>\n<p>Em qualquer tipo de trabalho, o mais importante \u00e9 voc\u00ea gostar do que faz. Agindo assim, subjetivamente despertamos em n\u00f3s mesmos e para n\u00f3s, nossas fontes de criatividades em todos os sentidos do nosso existir e viver.<\/p>\n<p>Pensem nisso!<\/p>\n<p>Notas:<br \/>\n1. A reprodu\u00e7\u00e3o parcial ou total de qualquer parte desta mensagem, dependem de pr\u00e9via autoriza\u00e7\u00e3o (Lei n\u00ba 9.610\/98).<br \/>\n2. Havendo nesta mensagem qualquer alega\u00e7\u00e3o ou cita\u00e7\u00e3o que mere\u00e7a ser melhor avaliada ou que seja contr\u00e1ria aos interesses dos seus autores, mande sua solicita\u00e7\u00e3o para edsonbsb@uol.com.br<\/p>\n<p>Muita paz e harmonia espiritual para todos. <\/p>\n","protected":false},"excerpt":{"rendered":"<p>&#8220;O trabalho n\u00e3o \u00e9 apenas uma obriga\u00e7\u00e3o, \u00e9 uma oportunidade para fazer a diferen\u00e7a no mundo.&#8221; S\u00e3o palavras de Martin Luther King Jr. Todo trabalho, seja de que natureza for, s\u00e3o fontes de crescimento e aprendizado. Gosto destas palavras de Sigmund Freud (1856-1939): &#8211; \u201cN\u00e3o posso imaginar que uma vida sem trabalho seja capaz de &hellip; <a href=\"https:\/\/sensibilidadedaalma.com.br\/?p=36191\" class=\"more-link\">Continuar lendo <span class=\"screen-reader-text\">(718) Sentindo o nosso trabalho, principalmente com fonte de crescimento interior.<\/span><\/a><\/p>\n","protected":false},"author":1,"featured_media":0,"comment_status":"open","ping_status":"open","sticky":false,"template":"","format":"standard","meta":{"_jetpack_newsletter_access":"","_jetpack_dont_email_post_to_subs":false,"_jetpack_newsletter_tier_id":0,"_jetpack_memberships_contains_paywalled_content":false,"_jetpack_memberships_contains_paid_content":false,"footnotes":""},"categories":[3],"tags":[],"class_list":["post-36191","post","type-post","status-publish","format-standard","hentry","category-busca-interior"],"jetpack_featured_media_url":"","jetpack_sharing_enabled":true,"jetpack_shortlink":"https:\/\/wp.me\/pfkQEa-9pJ","_links":{"self":[{"href":"https:\/\/sensibilidadedaalma.com.br\/index.php?rest_route=\/wp\/v2\/posts\/36191","targetHints":{"allow":["GET"]}}],"collection":[{"href":"https:\/\/sensibilidadedaalma.com.br\/index.php?rest_route=\/wp\/v2\/posts"}],"about":[{"href":"https:\/\/sensibilidadedaalma.com.br\/index.php?rest_route=\/wp\/v2\/types\/post"}],"author":[{"embeddable":true,"href":"https:\/\/sensibilidadedaalma.com.br\/index.php?rest_route=\/wp\/v2\/users\/1"}],"replies":[{"embeddable":true,"href":"https:\/\/sensibilidadedaalma.com.br\/index.php?rest_route=%2Fwp%2Fv2%2Fcomments&post=36191"}],"version-history":[{"count":8,"href":"https:\/\/sensibilidadedaalma.com.br\/index.php?rest_route=\/wp\/v2\/posts\/36191\/revisions"}],"predecessor-version":[{"id":36245,"href":"https:\/\/sensibilidadedaalma.com.br\/index.php?rest_route=\/wp\/v2\/posts\/36191\/revisions\/36245"}],"wp:attachment":[{"href":"https:\/\/sensibilidadedaalma.com.br\/index.php?rest_route=%2Fwp%2Fv2%2Fmedia&parent=36191"}],"wp:term":[{"taxonomy":"category","embeddable":true,"href":"https:\/\/sensibilidadedaalma.com.br\/index.php?rest_route=%2Fwp%2Fv2%2Fcategories&post=36191"},{"taxonomy":"post_tag","embeddable":true,"href":"https:\/\/sensibilidadedaalma.com.br\/index.php?rest_route=%2Fwp%2Fv2%2Ftags&post=36191"}],"curies":[{"name":"wp","href":"https:\/\/api.w.org\/{rel}","templated":true}]}}