{"id":34194,"date":"2025-10-07T13:16:15","date_gmt":"2025-10-07T16:16:15","guid":{"rendered":"https:\/\/sensibilidadedaalma.com.br\/?p=34194"},"modified":"2025-10-07T20:18:20","modified_gmt":"2025-10-07T23:18:20","slug":"607-sentindo-mais-uma-vez-o-sentir-de-oscar-quiroga","status":"publish","type":"post","link":"https:\/\/sensibilidadedaalma.com.br\/?p=34194","title":{"rendered":"(607) Sentindo mais uma vez, o &#8220;sentir&#8221; de Oscar Quiroga."},"content":{"rendered":"<p>1. <strong>O definitivo n\u00e3o \u00e9 t\u00e3o definitivo assim, portanto, procure encarar as situa\u00e7\u00f5es com mais leveza e alegria, mesmo aquelas que sua alma preferiria que desaparecessem. As coisas v\u00e3o ir se acertando ao longo do tempo.<\/strong><\/p>\n<p>2. <strong>Os acertos que voc\u00ea faria agora para deixar tudo encaminhado teriam de ser revistos no futuro, porque o cen\u00e1rio ainda vai mudar muito e neste momento sua alma n\u00e3o poderia sequer imaginar o teor dessas mudan\u00e7as.<\/strong><\/p>\n<p>3. <strong>Prefira fazer acertos pequenos e tempor\u00e1rios em nome de sua seguran\u00e7a material e an\u00edmica, porque o cen\u00e1rio n\u00e3o est\u00e1 consolidado o suficiente para voc\u00ea se engajar em decis\u00f5es que envolvam resultados a longo prazo. Prefira fazer acertos pequenos e tempor\u00e1rios em nome de sua seguran\u00e7a material e an\u00edmica, porque o cen\u00e1rio n\u00e3o est\u00e1 consolidado o suficiente para voc\u00ea se engajar em decis\u00f5es que envolvam resultados a longo prazo.<\/strong><\/p>\n<p>Do hor\u00f3scopo de <strong>Oscar Quiroga<\/strong> divulgado hoje, das doze previs\u00f5es astrol\u00f3gicas do Zod\u00edaco escolhi e ordenei estas tr\u00eas. Acredito nem sempre isso seja poss\u00edvel, porque cada signo est\u00e1 associado a um determinado per\u00edodo do ano e a um desses quatros elementos &#8211; fogo, Terra, Ar e \u00c1gua. Como acredito [pois nada entendo de de astrologia], subjetivamente isso pode explicar as aparentes percep\u00e7\u00f5es de identidades entre algumas pessoas.<\/p>\n<p><strong>Quiroga<\/strong> tem uma caracter\u00edstica que aprecio e gosto. Refiro-me a clareza da sua comunica\u00e7\u00e3o atrav\u00e9s da escrita, de manifesta compreens\u00e3o. A sele\u00e7\u00e3o que inicia este nosso encontro \u00e9 a sua participa\u00e7\u00e3o de n\u00famero 134 em nossa caminhada para o &#8220;autoconhecimento&#8221; &#8211; uma trajet\u00f3ria de transforma\u00e7\u00e3o interior.<\/p>\n<p>Recentemente, por ser estudioso e apreciador de todas as manifesta\u00e7\u00f5es de arte, citei pela primeira vez nesta nossa caminhada, <strong>Fayga Ostrower<\/strong> (1920-2001). Isto porque a Vida e, principalmente o &#8220;Sentir a Vida&#8221; para mim tamb\u00e9m \u00e9 uma arte, com seus estilos humanistas de viver, \u00fanico, peculiar, singular, exclusivo de cada um de n\u00f3s seres humanos. Termino este nosso encontro com este ser &#8220;sentir&#8221; [tamb\u00e9m selecionado do seu livro &#8220;A Sensibilidade do Intelecto, publica\u00e7\u00e3o da Editora CAMPUS:<\/p>\n<p>&#8211; &#8220;Aqui cabem algumas considera\u00e7\u00f5es sobre o papel relevante da intui\u00e7\u00e3o no conhecimento humano. Nossa capacidade de compreender as outras pessoas e de sentir empatia com as coisas, as associa\u00e7\u00f5es que estabelecemos, as conjeturas sobre possibilidades, nossa imagina\u00e7\u00e3o e sobretudo, nossa criatividade, todas elas afloram deste dom extraordin\u00e1rio em nosso ser sens\u00edvel. Reunindo a cada momento o consciente e o inconsciente, tudo o que a pessoa sabe e o que sente, e tamb\u00e9m o que ela \u00e9, ou seja, integrando tudo em sua personalidade, a intui\u00e7\u00e3o torna-se a via \u00e1urea para os processos cognitivos e expressivos. Pois tanto as indaga\u00e7\u00f5es como tamb\u00e9m as respostas que se tornam poss\u00edveis fundamentam-se, em \u00faltima inst\u00e2ncia, em uma seletividade interior, que \u00e9 a verdade de cada indiv\u00edduo, caracterizando-o em suas afinidades e seus interesses, suas aspira\u00e7\u00f5es e seus valores.&#8221;<\/p>\n<p>Pesem nisso.<\/p>\n<p>Notas:<br \/>\n1. A reprodu\u00e7\u00e3o parcial ou total de qualquer parte desta mensagem, dependem de pr\u00e9via autoriza\u00e7\u00e3o (Lei n\u00ba 9.610\/98).<br \/>\n2. Havendo nesta mensagem qualquer alega\u00e7\u00e3o ou cita\u00e7\u00e3o que mere\u00e7a ser melhor avaliada ou que seja contr\u00e1ria aos interesses dos seus autores, mande sua solicita\u00e7\u00e3o para edsonbsb@uol.com.br<\/p>\n<p> Muita paz e harmonia espiritual para todos.<\/p>\n","protected":false},"excerpt":{"rendered":"<p>1. O definitivo n\u00e3o \u00e9 t\u00e3o definitivo assim, portanto, procure encarar as situa\u00e7\u00f5es com mais leveza e alegria, mesmo aquelas que sua alma preferiria que desaparecessem. As coisas v\u00e3o ir se acertando ao longo do tempo. 2. Os acertos que voc\u00ea faria agora para deixar tudo encaminhado teriam de ser revistos no futuro, porque o &hellip; <a href=\"https:\/\/sensibilidadedaalma.com.br\/?p=34194\" class=\"more-link\">Continuar lendo <span class=\"screen-reader-text\">(607) Sentindo mais uma vez, o &#8220;sentir&#8221; de Oscar Quiroga.<\/span><\/a><\/p>\n","protected":false},"author":1,"featured_media":0,"comment_status":"open","ping_status":"open","sticky":false,"template":"","format":"standard","meta":{"_jetpack_newsletter_access":"","_jetpack_dont_email_post_to_subs":false,"_jetpack_newsletter_tier_id":0,"_jetpack_memberships_contains_paywalled_content":false,"_jetpack_memberships_contains_paid_content":false,"footnotes":""},"categories":[3],"tags":[],"class_list":["post-34194","post","type-post","status-publish","format-standard","hentry","category-busca-interior"],"jetpack_featured_media_url":"","jetpack_sharing_enabled":true,"jetpack_shortlink":"https:\/\/wp.me\/pfkQEa-8Tw","_links":{"self":[{"href":"https:\/\/sensibilidadedaalma.com.br\/index.php?rest_route=\/wp\/v2\/posts\/34194","targetHints":{"allow":["GET"]}}],"collection":[{"href":"https:\/\/sensibilidadedaalma.com.br\/index.php?rest_route=\/wp\/v2\/posts"}],"about":[{"href":"https:\/\/sensibilidadedaalma.com.br\/index.php?rest_route=\/wp\/v2\/types\/post"}],"author":[{"embeddable":true,"href":"https:\/\/sensibilidadedaalma.com.br\/index.php?rest_route=\/wp\/v2\/users\/1"}],"replies":[{"embeddable":true,"href":"https:\/\/sensibilidadedaalma.com.br\/index.php?rest_route=%2Fwp%2Fv2%2Fcomments&post=34194"}],"version-history":[{"count":10,"href":"https:\/\/sensibilidadedaalma.com.br\/index.php?rest_route=\/wp\/v2\/posts\/34194\/revisions"}],"predecessor-version":[{"id":34212,"href":"https:\/\/sensibilidadedaalma.com.br\/index.php?rest_route=\/wp\/v2\/posts\/34194\/revisions\/34212"}],"wp:attachment":[{"href":"https:\/\/sensibilidadedaalma.com.br\/index.php?rest_route=%2Fwp%2Fv2%2Fmedia&parent=34194"}],"wp:term":[{"taxonomy":"category","embeddable":true,"href":"https:\/\/sensibilidadedaalma.com.br\/index.php?rest_route=%2Fwp%2Fv2%2Fcategories&post=34194"},{"taxonomy":"post_tag","embeddable":true,"href":"https:\/\/sensibilidadedaalma.com.br\/index.php?rest_route=%2Fwp%2Fv2%2Ftags&post=34194"}],"curies":[{"name":"wp","href":"https:\/\/api.w.org\/{rel}","templated":true}]}}