{"id":28219,"date":"2024-09-29T13:13:23","date_gmt":"2024-09-29T16:13:23","guid":{"rendered":"https:\/\/sensibilidadedaalma.com.br\/?p=28219"},"modified":"2024-12-22T20:00:16","modified_gmt":"2024-12-22T23:00:16","slug":"420-sentindo-a-importancia-subjetiva-dos-nossos-propositos-de-vida","status":"publish","type":"post","link":"https:\/\/sensibilidadedaalma.com.br\/?p=28219","title":{"rendered":"(419) Sentindo a import\u00e2ncia subjetiva dos nossos prop\u00f3sitos de vida."},"content":{"rendered":"<p>&#8220;<strong>Qualquer um que tenha consci\u00eancia da pr\u00f3pria voca\u00e7\u00e3o, em qualquer \u00e1rea que esteja, chega a hora em que o que o move, o que o leva a agir, \u00e9 seu compromisso com seu prop\u00f3sito.<\/strong>&#8221; \/ &#8220;<strong>A vida vai se recompondo, e precisamos entender esses processos.<\/strong>&#8221;<\/p>\n<p>S\u00e3o palavras de <strong>Kleber Lucas<\/strong>, no seu livro &#8220;Deus cuida de mim&#8221;, publica\u00e7\u00e3o da Editora Planeta, referindo-se a momentos da sua trajet\u00f3ria de vida e dedica\u00e7\u00e3o religiosa. <\/p>\n<p>Sempre acreditei que todos n\u00f3s temos &#8220;prop\u00f3sitos de vida&#8221; que precisam ser por n\u00f3s descobertos. Prop\u00f3sitos no sentido de &#8220;raz\u00e3o de viver&#8221;, de desejos inicialmente subjetivos de realiza\u00e7\u00f5es. S\u00e3o descobertas interiores que precisam ser despertas em n\u00f3s, de modo consciente, que podem ser favorecidas pelas conhecidas pr\u00e1ticas de &#8220;autoconhecimento&#8221;. Como acredito, por vezes, a pr\u00f3pria vida nos mostra as oportunidades e os caminhos que podemos seguir. Mas tamb\u00e9m,  efetivamente tudo depender\u00e1 das nossas escolhas no mosaico dos desafios que estamos sujeitos a enfrentar. Isto porque o ser humano tamb\u00e9m \u00e9 o modelador do seu &#8220;destino desejado&#8221;. Gosto deste ensinamento de <strong>Carl Jung<\/strong> (1875-1961):<\/p>\n<p>&#8211; &#8220;Em \u00faltima an\u00e1lise, o essencial \u00e9 a vida do indiv\u00edduo. Isso por si s\u00f3 faz a hist\u00f3ria, aqui e sozinhas \u00e9 que as grandes transforma\u00e7\u00f5es acontecem, e todo o futuro, toda a hist\u00f3ria do mundo, por fim, nasce como uma soma gigantesca dessas fontes escondidas nos indiv\u00edduos.&#8221;<\/p>\n<p>Portanto, atrav\u00e9s de um &#8220;voltar-se para si mesmos&#8221;, analisando os desafios que se apresentam em nossas realidades, precisamos conhecer o que desejamos conquistar em todos os sentidos do nosso &#8220;existir&#8221;. <\/p>\n<p>Pensem nisso.<\/p>\n<p>Notas:<br \/>\n1. A reprodu\u00e7\u00e3o parcial ou total de qualquer parte desta mensagem, dependem de pr\u00e9via autoriza\u00e7\u00e3o (Lei n\u00ba 9.610\/98).<br \/>\n2. Havendo nesta mensagem qualquer alega\u00e7\u00e3o ou cita\u00e7\u00e3o que mere\u00e7a ser melhor avaliada ou que seja contr\u00e1ria aos interesses dos seus autores, mande sua solicita\u00e7\u00e3o para edsonbsb@uol.com.br<\/p>\n<p>Muita paz e harmonia espiritual para todos.<\/p>\n","protected":false},"excerpt":{"rendered":"<p>&#8220;Qualquer um que tenha consci\u00eancia da pr\u00f3pria voca\u00e7\u00e3o, em qualquer \u00e1rea que esteja, chega a hora em que o que o move, o que o leva a agir, \u00e9 seu compromisso com seu prop\u00f3sito.&#8221; \/ &#8220;A vida vai se recompondo, e precisamos entender esses processos.&#8221; S\u00e3o palavras de Kleber Lucas, no seu livro &#8220;Deus cuida &hellip; <a href=\"https:\/\/sensibilidadedaalma.com.br\/?p=28219\" class=\"more-link\">Continuar lendo <span class=\"screen-reader-text\">(419) Sentindo a import\u00e2ncia subjetiva dos nossos prop\u00f3sitos de vida.<\/span><\/a><\/p>\n","protected":false},"author":1,"featured_media":0,"comment_status":"open","ping_status":"open","sticky":false,"template":"","format":"standard","meta":{"_jetpack_newsletter_access":"","_jetpack_dont_email_post_to_subs":false,"_jetpack_newsletter_tier_id":0,"_jetpack_memberships_contains_paywalled_content":false,"_jetpack_memberships_contains_paid_content":false,"footnotes":""},"categories":[3],"tags":[],"class_list":["post-28219","post","type-post","status-publish","format-standard","hentry","category-busca-interior"],"jetpack_featured_media_url":"","jetpack_sharing_enabled":true,"jetpack_shortlink":"https:\/\/wp.me\/pfkQEa-7l9","_links":{"self":[{"href":"https:\/\/sensibilidadedaalma.com.br\/index.php?rest_route=\/wp\/v2\/posts\/28219","targetHints":{"allow":["GET"]}}],"collection":[{"href":"https:\/\/sensibilidadedaalma.com.br\/index.php?rest_route=\/wp\/v2\/posts"}],"about":[{"href":"https:\/\/sensibilidadedaalma.com.br\/index.php?rest_route=\/wp\/v2\/types\/post"}],"author":[{"embeddable":true,"href":"https:\/\/sensibilidadedaalma.com.br\/index.php?rest_route=\/wp\/v2\/users\/1"}],"replies":[{"embeddable":true,"href":"https:\/\/sensibilidadedaalma.com.br\/index.php?rest_route=%2Fwp%2Fv2%2Fcomments&post=28219"}],"version-history":[{"count":15,"href":"https:\/\/sensibilidadedaalma.com.br\/index.php?rest_route=\/wp\/v2\/posts\/28219\/revisions"}],"predecessor-version":[{"id":29797,"href":"https:\/\/sensibilidadedaalma.com.br\/index.php?rest_route=\/wp\/v2\/posts\/28219\/revisions\/29797"}],"wp:attachment":[{"href":"https:\/\/sensibilidadedaalma.com.br\/index.php?rest_route=%2Fwp%2Fv2%2Fmedia&parent=28219"}],"wp:term":[{"taxonomy":"category","embeddable":true,"href":"https:\/\/sensibilidadedaalma.com.br\/index.php?rest_route=%2Fwp%2Fv2%2Fcategories&post=28219"},{"taxonomy":"post_tag","embeddable":true,"href":"https:\/\/sensibilidadedaalma.com.br\/index.php?rest_route=%2Fwp%2Fv2%2Ftags&post=28219"}],"curies":[{"name":"wp","href":"https:\/\/api.w.org\/{rel}","templated":true}]}}