{"id":25719,"date":"2024-04-13T17:59:46","date_gmt":"2024-04-13T20:59:46","guid":{"rendered":"https:\/\/sensibilidadedaalma.com.br\/?p=25719"},"modified":"2024-12-08T17:42:40","modified_gmt":"2024-12-08T20:42:40","slug":"366-sentindo-o-poder-e-os-beneficios-de-mudar-para-nos-mesmos","status":"publish","type":"post","link":"https:\/\/sensibilidadedaalma.com.br\/?p=25719","title":{"rendered":"(366) Sentindo o poder e os benef\u00edcios de mudarmos."},"content":{"rendered":"<p>&#8220;<strong>A paz, quietude, conforto e sossego que sua alma busca, essas condi\u00e7\u00f5es dependem menos das circunst\u00e2ncias externas, que podem eventualmente ajudar ou atrapalhar, e mais da disposi\u00e7\u00e3o interior, que voc\u00ea controla<\/strong>&#8220;.<\/p>\n<p>S\u00e3o palavras do astr\u00f3logo <strong>Oscar Quiroga<\/strong>, no seu hor\u00f3scopo divulgado no dia seis deste m\u00eas. Foram escolhidas para iniciar este nosso encontro, porque mostram para todos n\u00f3s os benef\u00edcios que podemos alcan\u00e7ar com as nossas buscas de interioriza\u00e7\u00e3o, abstraindo-nos, por vezes, das nossas realidades exteriores. Vejam que <strong>Quiroga<\/strong> se refere \u00e0s necessidades&#8221; da nossa &#8220;ALMA&#8221;. Como acredito n\u00f3s podemos avaliar quase tudo que acontece em nossas vidas, mas nem sempre temos o poder de controlar e conhecer suas causas. Sempre que poss\u00edvel, devemos &#8220;<strong>significar<\/strong>&#8220;, para n\u00f3s mesmos, todas as &#8220;causas&#8221; das nossas experi\u00eancias e aprendizados de &#8220;vida&#8221;. Gosto de contar este exemplo de &#8220;causalidade&#8221;:<\/p>\n<p>&#8211; Um jovem e um idoso que conversavam \u00e0s margens de um rio, foram surpreendidos com uma crian\u00e7a sendo arrastada pela correnteza da \u00e1gua. Pegaram a crian\u00e7a, fizeram massagem respirat\u00f3ria, e salvaram. Pouco depois, outra crian\u00e7a sendo levada nas mesmas condi\u00e7\u00f5es. Tamb\u00e9m conseguiram salvar. Quando olharam para tr\u00e1s, viram mais crian\u00e7as, desesperadas, pedindo socorro. O jovem falou para o idoso: Vamos correndo salv\u00e1-las. Respondeu o idoso: Vai voc\u00ea. Eu vou subir at\u00e9 a nascente deste rio, para saber o que est\u00e1 causando tudo isso.  <\/p>\n<p>Sobre a sabedoria de, para n\u00f3s, de &#8220;significar&#8221; como somos:<\/p>\n<p>Perguntaram a um monge Zen: &#8220;O que voc\u00ea costumava fazer antes de se tornar iluminado?&#8221;<br \/>\nEle respondeu: &#8220;<strong>Eu costumava cortar madeira e carregar \u00e1gua do po\u00e7o.<\/strong>&#8221;<br \/>\nE ent\u00e3o lhe perguntaram: &#8220;O que voc\u00ea faz agora que se tornou iluminado?&#8221;<br \/>\nEle respondeu: &#8220;<strong>Eu corto madeira e carrego \u00e1gua do po\u00e7o.<\/strong>&#8221;<br \/>\nQuem fazia as perguntas, ficou confuso e disse: &#8220;Ent\u00e3o, parece n\u00e3o haver diferen\u00e7a.&#8221;<br \/>\nO mestre Zen disse: &#8220;<strong>A diferen\u00e7a est\u00e1 em mim. A diferen\u00e7a n\u00e3o est\u00e1 em meus atos, a diferen\u00e7a est\u00e1 em mim &#8211; mas porque eu mudei, todos os meus atos mudaram. Sua import\u00e2ncia mudou. Agora h\u00e1 apenas Deus e nada mais. Para mim, a vida agora \u00e9 uma liberta\u00e7\u00e3o, \u00e9 o nirvana.<\/strong><\/p>\n<p>Nossa alma precisa de paz, quietude, conforto e sossego interior!<\/p>\n<p>Pensem nisso.<br \/>\nNotas:<br \/>\n1. A reprodu\u00e7\u00e3o parcial ou total, por qualquer forma, meio ou processo eletr\u00f4nico depender\u00e1 de pr\u00e9via e<br \/>\nexpressa autoriza\u00e7\u00e3o, com indica\u00e7\u00e3o dos cr\u00e9ditos e links, para os efeitos da Lei 9.610\/98 que regulamenta os direitos de autor e conexos.<br \/>\n2. Havendo nesta mensagem qualquer alega\u00e7\u00e3o ou cita\u00e7\u00e3o que mere\u00e7a ser melhor avaliada ou que seja contr\u00e1ria aos interesses dos seus autores, mande a sua solicita\u00e7\u00e3o para edsonbsb@uol.com.br .<\/p>\n<p>Muita paz e harmonia espiritual para todos.<\/p>\n","protected":false},"excerpt":{"rendered":"<p>&#8220;A paz, quietude, conforto e sossego que sua alma busca, essas condi\u00e7\u00f5es dependem menos das circunst\u00e2ncias externas, que podem eventualmente ajudar ou atrapalhar, e mais da disposi\u00e7\u00e3o interior, que voc\u00ea controla&#8220;. S\u00e3o palavras do astr\u00f3logo Oscar Quiroga, no seu hor\u00f3scopo divulgado no dia seis deste m\u00eas. Foram escolhidas para iniciar este nosso encontro, porque mostram &hellip; <a href=\"https:\/\/sensibilidadedaalma.com.br\/?p=25719\" class=\"more-link\">Continuar lendo <span class=\"screen-reader-text\">(366) Sentindo o poder e os benef\u00edcios de mudarmos.<\/span><\/a><\/p>\n","protected":false},"author":1,"featured_media":0,"comment_status":"open","ping_status":"open","sticky":false,"template":"","format":"standard","meta":{"_jetpack_newsletter_access":"","_jetpack_dont_email_post_to_subs":false,"_jetpack_newsletter_tier_id":0,"_jetpack_memberships_contains_paywalled_content":false,"_jetpack_memberships_contains_paid_content":false,"footnotes":""},"categories":[3],"tags":[],"class_list":["post-25719","post","type-post","status-publish","format-standard","hentry","category-busca-interior"],"jetpack_featured_media_url":"","jetpack_sharing_enabled":true,"jetpack_shortlink":"https:\/\/wp.me\/pfkQEa-6GP","_links":{"self":[{"href":"https:\/\/sensibilidadedaalma.com.br\/index.php?rest_route=\/wp\/v2\/posts\/25719","targetHints":{"allow":["GET"]}}],"collection":[{"href":"https:\/\/sensibilidadedaalma.com.br\/index.php?rest_route=\/wp\/v2\/posts"}],"about":[{"href":"https:\/\/sensibilidadedaalma.com.br\/index.php?rest_route=\/wp\/v2\/types\/post"}],"author":[{"embeddable":true,"href":"https:\/\/sensibilidadedaalma.com.br\/index.php?rest_route=\/wp\/v2\/users\/1"}],"replies":[{"embeddable":true,"href":"https:\/\/sensibilidadedaalma.com.br\/index.php?rest_route=%2Fwp%2Fv2%2Fcomments&post=25719"}],"version-history":[{"count":58,"href":"https:\/\/sensibilidadedaalma.com.br\/index.php?rest_route=\/wp\/v2\/posts\/25719\/revisions"}],"predecessor-version":[{"id":25778,"href":"https:\/\/sensibilidadedaalma.com.br\/index.php?rest_route=\/wp\/v2\/posts\/25719\/revisions\/25778"}],"wp:attachment":[{"href":"https:\/\/sensibilidadedaalma.com.br\/index.php?rest_route=%2Fwp%2Fv2%2Fmedia&parent=25719"}],"wp:term":[{"taxonomy":"category","embeddable":true,"href":"https:\/\/sensibilidadedaalma.com.br\/index.php?rest_route=%2Fwp%2Fv2%2Fcategories&post=25719"},{"taxonomy":"post_tag","embeddable":true,"href":"https:\/\/sensibilidadedaalma.com.br\/index.php?rest_route=%2Fwp%2Fv2%2Ftags&post=25719"}],"curies":[{"name":"wp","href":"https:\/\/api.w.org\/{rel}","templated":true}]}}